{"id":980,"date":"2011-03-08T15:14:24","date_gmt":"2011-03-08T21:14:24","guid":{"rendered":"http:\/\/www.dhnet.org.mx\/archivo\/?p=980"},"modified":"2011-03-08T15:14:24","modified_gmt":"2011-03-08T21:14:24","slug":"derechos-de-las-victimas-del-delito-de-secuestro","status":"publish","type":"post","link":"https:\/\/www.dhnet.org.mx\/archivo\/derechos-de-las-victimas-del-delito-de-secuestro\/","title":{"rendered":"Derechos de las v\u00edctimas del delito de secuestro"},"content":{"rendered":"<p><a href=\"http:\/\/www.dhnet.org.mx\/archivo\/8vas-jornadas-nacionales-sobre-victimas-del-delito-inauguracion-y-firma-de-convenio\/snapshot3\/\" rel=\"attachment wp-att-875\"><img decoding=\"async\" src=\"http:\/\/www.dhnet.org.mx\/archivo\/wp-content\/uploads\/2011\/02\/snapshot3-150x150.jpg\" alt=\"\" title=\"snapshot3\" width=\"150\" height=\"150\" class=\"alignright size-thumbnail wp-image-875\" \/><\/a><strong>8vas Jornadas Naciones sobre Victimas del delito y derechos humanos, Victimas del secuestro<\/strong><\/p>\n<p><strong>Conferencia:<\/strong><br \/>\nDerechos de las v\u00edctimas del delito de secuestro<\/p>\n<p><b>Conferencista:<\/b><br \/>\nDr. Jos\u00e9 Zamora Grant<\/p>\n<p><strong>Duraci\u00f3n:<\/strong> 34:33min<\/p>\n<p>[flowplayer src=http:\/\/www.dhnet.org.mx\/videos\/conferencias\/edo-guanajuato\/8-jornacvictimas\/16-zamora.f4v, width=540, height=360, splash=http:\/\/www.dhnet.org.mx\/archivo\/wp-content\/uploads\/2011\/02\/snapshot3.jpg]<\/p>\n","protected":false},"excerpt":{"rendered":"<p>8vas Jornadas Naciones sobre Victimas del delito y derechos humanos, Victimas del secuestro Conferencia: Derechos de las v\u00edctimas del delito de secuestro Conferencista: Dr. Jos\u00e9 Zamora Grant Duraci\u00f3n: 34:33min [flowplayer src=http:\/\/www.dhnet.org.mx\/videos\/conferencias\/edo-guanajuato\/8-jornacvictimas\/16-zamora.f4v, width=540, height=360, splash=http:\/\/www.dhnet.org.mx\/archivo\/wp-content\/uploads\/2011\/02\/snapshot3.jpg]<\/p>\n","protected":false},"author":1,"featured_media":0,"comment_status":"closed","ping_status":"open","sticky":false,"template":"","format":"standard","meta":{"footnotes":""},"categories":[1],"tags":[172,28,158,186,160],"class_list":["post-980","post","type-post","status-publish","format-standard","hentry","category-uncategorized","tag-8-jornadas-nacionales-sobre-victimas-del-delito-y-derechos-humanos--victimas-del-secuestro","tag-cndh","tag-guanajuato","tag-jose-zamora-grant","tag-pdheg"],"_links":{"self":[{"href":"https:\/\/www.dhnet.org.mx\/archivo\/wp-json\/wp\/v2\/posts\/980","targetHints":{"allow":["GET"]}}],"collection":[{"href":"https:\/\/www.dhnet.org.mx\/archivo\/wp-json\/wp\/v2\/posts"}],"about":[{"href":"https:\/\/www.dhnet.org.mx\/archivo\/wp-json\/wp\/v2\/types\/post"}],"author":[{"embeddable":true,"href":"https:\/\/www.dhnet.org.mx\/archivo\/wp-json\/wp\/v2\/users\/1"}],"replies":[{"embeddable":true,"href":"https:\/\/www.dhnet.org.mx\/archivo\/wp-json\/wp\/v2\/comments?post=980"}],"version-history":[{"count":4,"href":"https:\/\/www.dhnet.org.mx\/archivo\/wp-json\/wp\/v2\/posts\/980\/revisions"}],"predecessor-version":[{"id":984,"href":"https:\/\/www.dhnet.org.mx\/archivo\/wp-json\/wp\/v2\/posts\/980\/revisions\/984"}],"wp:attachment":[{"href":"https:\/\/www.dhnet.org.mx\/archivo\/wp-json\/wp\/v2\/media?parent=980"}],"wp:term":[{"taxonomy":"category","embeddable":true,"href":"https:\/\/www.dhnet.org.mx\/archivo\/wp-json\/wp\/v2\/categories?post=980"},{"taxonomy":"post_tag","embeddable":true,"href":"https:\/\/www.dhnet.org.mx\/archivo\/wp-json\/wp\/v2\/tags?post=980"}],"curies":[{"name":"wp","href":"https:\/\/api.w.org\/{rel}","templated":true}]}}