{"id":968,"date":"2011-03-07T15:35:33","date_gmt":"2011-03-07T21:35:33","guid":{"rendered":"http:\/\/www.dhnet.org.mx\/archivo\/?p=968"},"modified":"2011-03-08T10:16:42","modified_gmt":"2011-03-08T16:16:42","slug":"dano-fisico-y-atencion-medica","status":"publish","type":"post","link":"https:\/\/www.dhnet.org.mx\/archivo\/dano-fisico-y-atencion-medica\/","title":{"rendered":"Da\u00f1o f\u00edsico y atenci\u00f3n m\u00e9dica"},"content":{"rendered":"<p><a href=\"http:\/\/www.dhnet.org.mx\/archivo\/8vas-jornadas-nacionales-sobre-victimas-del-delito-inauguracion-y-firma-de-convenio\/snapshot3\/\" rel=\"attachment wp-att-875\"><img decoding=\"async\" src=\"http:\/\/www.dhnet.org.mx\/archivo\/wp-content\/uploads\/2011\/02\/snapshot3-150x150.jpg\" alt=\"\" title=\"snapshot3\" width=\"150\" height=\"150\" class=\"alignright size-thumbnail wp-image-875\" \/><\/a><strong>8vas Jornadas Naciones sobre Victimas del delito y derechos humanos, Victimas del secuestro<\/strong><\/p>\n<p><strong>Conferencia:<\/strong><br \/>\nDa\u00f1o f\u00edsico y atenci\u00f3n m\u00e9dica<\/p>\n<p><b>Conferencista:<\/b><br \/>\nDr. Juan Ortega Cerda<\/p>\n<p><strong>Duraci\u00f3n:<\/strong> 40:39min<\/p>\n<p>[flowplayer src=http:\/\/www.dhnet.org.mx\/videos\/conferencias\/edo-guanajuato\/8-jornacvictimas\/15-cerda.f4v, width=540, height=360, splash=http:\/\/www.dhnet.org.mx\/archivo\/wp-content\/uploads\/2011\/02\/snapshot3.jpg]<\/p>\n","protected":false},"excerpt":{"rendered":"<p>8vas Jornadas Naciones sobre Victimas del delito y derechos humanos, Victimas del secuestro Conferencia: Da\u00f1o f\u00edsico y atenci\u00f3n m\u00e9dica Conferencista: Dr. Juan Ortega Cerda Duraci\u00f3n: 40:39min [flowplayer src=http:\/\/www.dhnet.org.mx\/videos\/conferencias\/edo-guanajuato\/8-jornacvictimas\/15-cerda.f4v, width=540, height=360, splash=http:\/\/www.dhnet.org.mx\/archivo\/wp-content\/uploads\/2011\/02\/snapshot3.jpg]<\/p>\n","protected":false},"author":1,"featured_media":0,"comment_status":"closed","ping_status":"open","sticky":false,"template":"","format":"standard","meta":{"footnotes":""},"categories":[1],"tags":[172,28,158,185,160],"class_list":["post-968","post","type-post","status-publish","format-standard","hentry","category-uncategorized","tag-8-jornadas-nacionales-sobre-victimas-del-delito-y-derechos-humanos--victimas-del-secuestro","tag-cndh","tag-guanajuato","tag-juan-ortega-cerda","tag-pdheg"],"_links":{"self":[{"href":"https:\/\/www.dhnet.org.mx\/archivo\/wp-json\/wp\/v2\/posts\/968","targetHints":{"allow":["GET"]}}],"collection":[{"href":"https:\/\/www.dhnet.org.mx\/archivo\/wp-json\/wp\/v2\/posts"}],"about":[{"href":"https:\/\/www.dhnet.org.mx\/archivo\/wp-json\/wp\/v2\/types\/post"}],"author":[{"embeddable":true,"href":"https:\/\/www.dhnet.org.mx\/archivo\/wp-json\/wp\/v2\/users\/1"}],"replies":[{"embeddable":true,"href":"https:\/\/www.dhnet.org.mx\/archivo\/wp-json\/wp\/v2\/comments?post=968"}],"version-history":[{"count":6,"href":"https:\/\/www.dhnet.org.mx\/archivo\/wp-json\/wp\/v2\/posts\/968\/revisions"}],"predecessor-version":[{"id":978,"href":"https:\/\/www.dhnet.org.mx\/archivo\/wp-json\/wp\/v2\/posts\/968\/revisions\/978"}],"wp:attachment":[{"href":"https:\/\/www.dhnet.org.mx\/archivo\/wp-json\/wp\/v2\/media?parent=968"}],"wp:term":[{"taxonomy":"category","embeddable":true,"href":"https:\/\/www.dhnet.org.mx\/archivo\/wp-json\/wp\/v2\/categories?post=968"},{"taxonomy":"post_tag","embeddable":true,"href":"https:\/\/www.dhnet.org.mx\/archivo\/wp-json\/wp\/v2\/tags?post=968"}],"curies":[{"name":"wp","href":"https:\/\/api.w.org\/{rel}","templated":true}]}}