{"id":9613,"date":"2017-09-15T12:33:43","date_gmt":"2017-09-15T17:33:43","guid":{"rendered":"http:\/\/www.dhnet.org.mx\/archivo\/?p=9613"},"modified":"2018-04-03T13:28:17","modified_gmt":"2018-04-03T18:28:17","slug":"dia-internacional-de-la-democracia-15-de-septiembre-2","status":"publish","type":"post","link":"https:\/\/www.dhnet.org.mx\/archivo\/dia-internacional-de-la-democracia-15-de-septiembre-2\/","title":{"rendered":"D\u00eda Internacional de la Democracia &#8211; 15 de Septiembre"},"content":{"rendered":"<p>Desde el d\u00eda 15 de septiembre de 2007 se conmemora el D\u00eda Internacional de la Democracia, establecido por la Organizaci\u00f3n de las Naciones Unidas. Este a\u00f1o el tema es: \u00abDemocracia y prevenci\u00f3n de conflictos\u00bb, que se centra en la necesidad de reforzar las instituciones democr\u00e1ticas para promover la paz y la estabilidad.<\/p>\n<p>La Agenda 2030 para el Desarrollo incluye la democracia en su objetivo n\u00famero 16, en la que se destaca: Reducir sustancialmente la corrupci\u00f3n y el soborno en todas sus formas, crear instituciones eficaces, responsables y transparentes a todos los niveles, garantizar la adopci\u00f3n de decisiones inclusivas, participativas y representativas que respondan a las necesidades a todos los niveles.<\/p>\n<p>El Art\u00edculo Tercero de la Constituci\u00f3n Pol\u00edtica de los Estados Unidos Mexicanos, establece como uno de los principios de la educaci\u00f3n, la democracia considerada esta en dos vertientes: Como una estructura jur\u00eddica y un r\u00e9gimen pol\u00edtico, pero tambi\u00e9n como un sistema de vida fundado en el constate mejoramiento de las condiciones sociales culturales.<\/p>\n<p><iframe title=\"D\u00eda Internacional de la Democracia - 15 de Septiembre\" width=\"800\" height=\"450\" src=\"https:\/\/www.youtube.com\/embed\/JrdusFavLKo?feature=oembed\" frameborder=\"0\" allow=\"accelerometer; autoplay; clipboard-write; encrypted-media; gyroscope; picture-in-picture; web-share\" referrerpolicy=\"strict-origin-when-cross-origin\" allowfullscreen><\/iframe><\/p>\n","protected":false},"excerpt":{"rendered":"<p>Desde el d\u00eda 15 de septiembre de 2007 se conmemora el D\u00eda Internacional de la Democracia, establecido por la Organizaci\u00f3n de las Naciones Unidas. Este a\u00f1o el tema es: \u00abDemocracia y prevenci\u00f3n de conflictos\u00bb, que se centra en la necesidad de reforzar las instituciones democr\u00e1ticas para promover la paz y la estabilidad. La Agenda 2030 [&hellip;]<\/p>\n","protected":false},"author":1,"featured_media":9614,"comment_status":"closed","ping_status":"closed","sticky":false,"template":"","format":"standard","meta":{"footnotes":""},"categories":[880,878],"tags":[706,828,313],"class_list":["post-9613","post","type-post","status-publish","format-standard","has-post-thumbnail","hentry","category-actividades-y-eventos","category-derechos-humanos","tag-capsula","tag-conmemoraciones-y-enfoques","tag-democracia"],"_links":{"self":[{"href":"https:\/\/www.dhnet.org.mx\/archivo\/wp-json\/wp\/v2\/posts\/9613","targetHints":{"allow":["GET"]}}],"collection":[{"href":"https:\/\/www.dhnet.org.mx\/archivo\/wp-json\/wp\/v2\/posts"}],"about":[{"href":"https:\/\/www.dhnet.org.mx\/archivo\/wp-json\/wp\/v2\/types\/post"}],"author":[{"embeddable":true,"href":"https:\/\/www.dhnet.org.mx\/archivo\/wp-json\/wp\/v2\/users\/1"}],"replies":[{"embeddable":true,"href":"https:\/\/www.dhnet.org.mx\/archivo\/wp-json\/wp\/v2\/comments?post=9613"}],"version-history":[{"count":1,"href":"https:\/\/www.dhnet.org.mx\/archivo\/wp-json\/wp\/v2\/posts\/9613\/revisions"}],"predecessor-version":[{"id":9615,"href":"https:\/\/www.dhnet.org.mx\/archivo\/wp-json\/wp\/v2\/posts\/9613\/revisions\/9615"}],"wp:featuredmedia":[{"embeddable":true,"href":"https:\/\/www.dhnet.org.mx\/archivo\/wp-json\/wp\/v2\/media\/9614"}],"wp:attachment":[{"href":"https:\/\/www.dhnet.org.mx\/archivo\/wp-json\/wp\/v2\/media?parent=9613"}],"wp:term":[{"taxonomy":"category","embeddable":true,"href":"https:\/\/www.dhnet.org.mx\/archivo\/wp-json\/wp\/v2\/categories?post=9613"},{"taxonomy":"post_tag","embeddable":true,"href":"https:\/\/www.dhnet.org.mx\/archivo\/wp-json\/wp\/v2\/tags?post=9613"}],"curies":[{"name":"wp","href":"https:\/\/api.w.org\/{rel}","templated":true}]}}