{"id":948,"date":"2011-03-03T10:57:53","date_gmt":"2011-03-03T16:57:53","guid":{"rendered":"http:\/\/www.dhnet.org.mx\/archivo\/?p=948"},"modified":"2011-03-03T10:57:53","modified_gmt":"2011-03-03T16:57:53","slug":"participacion-ciudadana-en-la-prevencion-del-delito-de-secuestro","status":"publish","type":"post","link":"https:\/\/www.dhnet.org.mx\/archivo\/participacion-ciudadana-en-la-prevencion-del-delito-de-secuestro\/","title":{"rendered":"Participaci\u00f3n ciudadana en la prevenci\u00f3n del delito de secuestro"},"content":{"rendered":"<p><a href=\"http:\/\/www.dhnet.org.mx\/archivo\/8vas-jornadas-nacionales-sobre-victimas-del-delito-inauguracion-y-firma-de-convenio\/snapshot3\/\" rel=\"attachment wp-att-875\"><img decoding=\"async\" src=\"http:\/\/www.dhnet.org.mx\/archivo\/wp-content\/uploads\/2011\/02\/snapshot3-150x150.jpg\" alt=\"\" title=\"snapshot3\" width=\"150\" height=\"150\" class=\"alignright size-thumbnail wp-image-875\" \/><\/a><strong>8vas Jornadas Naciones sobre Victimas del delito y derechos humanos, Victimas del secuestro<\/strong><\/p>\n<p><strong>Segunda Mesa de Trabajo:<\/strong><br \/>\nParticipaci\u00f3n ciudadana en la prevenci\u00f3n del delito de secuestro<\/p>\n<p><strong>Duraci\u00f3n:<\/strong> 18:13min<\/p>\n<p>[flowplayer src=http:\/\/www.dhnet.org.mx\/videos\/conferencias\/edo-guanajuato\/8-jornacvictimas\/12-mesa2.f4v, width=540, height=360, splash=http:\/\/www.dhnet.org.mx\/archivo\/wp-content\/uploads\/2011\/02\/snapshot3.jpg]<\/p>\n","protected":false},"excerpt":{"rendered":"<p>8vas Jornadas Naciones sobre Victimas del delito y derechos humanos, Victimas del secuestro Segunda Mesa de Trabajo: Participaci\u00f3n ciudadana en la prevenci\u00f3n del delito de secuestro Duraci\u00f3n: 18:13min [flowplayer src=http:\/\/www.dhnet.org.mx\/videos\/conferencias\/edo-guanajuato\/8-jornacvictimas\/12-mesa2.f4v, width=540, height=360, splash=http:\/\/www.dhnet.org.mx\/archivo\/wp-content\/uploads\/2011\/02\/snapshot3.jpg]<\/p>\n","protected":false},"author":1,"featured_media":0,"comment_status":"closed","ping_status":"open","sticky":false,"template":"","format":"standard","meta":{"footnotes":""},"categories":[1],"tags":[172,28,158,178,160],"class_list":["post-948","post","type-post","status-publish","format-standard","hentry","category-uncategorized","tag-8-jornadas-nacionales-sobre-victimas-del-delito-y-derechos-humanos--victimas-del-secuestro","tag-cndh","tag-guanajuato","tag-mesa-de-trabajo","tag-pdheg"],"_links":{"self":[{"href":"https:\/\/www.dhnet.org.mx\/archivo\/wp-json\/wp\/v2\/posts\/948","targetHints":{"allow":["GET"]}}],"collection":[{"href":"https:\/\/www.dhnet.org.mx\/archivo\/wp-json\/wp\/v2\/posts"}],"about":[{"href":"https:\/\/www.dhnet.org.mx\/archivo\/wp-json\/wp\/v2\/types\/post"}],"author":[{"embeddable":true,"href":"https:\/\/www.dhnet.org.mx\/archivo\/wp-json\/wp\/v2\/users\/1"}],"replies":[{"embeddable":true,"href":"https:\/\/www.dhnet.org.mx\/archivo\/wp-json\/wp\/v2\/comments?post=948"}],"version-history":[{"count":4,"href":"https:\/\/www.dhnet.org.mx\/archivo\/wp-json\/wp\/v2\/posts\/948\/revisions"}],"predecessor-version":[{"id":952,"href":"https:\/\/www.dhnet.org.mx\/archivo\/wp-json\/wp\/v2\/posts\/948\/revisions\/952"}],"wp:attachment":[{"href":"https:\/\/www.dhnet.org.mx\/archivo\/wp-json\/wp\/v2\/media?parent=948"}],"wp:term":[{"taxonomy":"category","embeddable":true,"href":"https:\/\/www.dhnet.org.mx\/archivo\/wp-json\/wp\/v2\/categories?post=948"},{"taxonomy":"post_tag","embeddable":true,"href":"https:\/\/www.dhnet.org.mx\/archivo\/wp-json\/wp\/v2\/tags?post=948"}],"curies":[{"name":"wp","href":"https:\/\/api.w.org\/{rel}","templated":true}]}}