{"id":932,"date":"2011-03-02T11:49:44","date_gmt":"2011-03-02T17:49:44","guid":{"rendered":"http:\/\/www.dhnet.org.mx\/archivo\/?p=932"},"modified":"2011-03-02T11:49:44","modified_gmt":"2011-03-02T17:49:44","slug":"la-prevencion-del-delito-del-secuestro-en-grupos-de-la-sociedad","status":"publish","type":"post","link":"https:\/\/www.dhnet.org.mx\/archivo\/la-prevencion-del-delito-del-secuestro-en-grupos-de-la-sociedad\/","title":{"rendered":"La prevenci\u00f3n del delito del secuestro en grupos de la sociedad"},"content":{"rendered":"<p><a href=\"http:\/\/www.dhnet.org.mx\/archivo\/8vas-jornadas-nacionales-sobre-victimas-del-delito-inauguracion-y-firma-de-convenio\/snapshot3\/\" rel=\"attachment wp-att-875\"><img decoding=\"async\" src=\"http:\/\/www.dhnet.org.mx\/archivo\/wp-content\/uploads\/2011\/02\/snapshot3-150x150.jpg\" alt=\"\" title=\"snapshot3\" width=\"150\" height=\"150\" class=\"alignright size-thumbnail wp-image-875\" \/><\/a><strong>8vas Jornadas Naciones sobre Victimas del delito y derechos humanos, Victimas del secuestro<\/strong><\/p>\n<p><strong>Conferencia:<\/strong><br \/>\nLa prevenci\u00f3n del delito del secuestro en grupos de la sociedad<\/p>\n<p><strong>Conferencista:<\/strong><br \/>\nLic. Alfredo Neme Mart\u00ednez<\/p>\n<p><strong>Duraci\u00f3n:<\/strong> 20:07min<\/p>\n<p>[flowplayer src=http:\/\/www.dhnet.org.mx\/videos\/conferencias\/edo-guanajuato\/8-jornacvictimas\/09-alfredo.f4v, width=540, height=360, splash=http:\/\/www.dhnet.org.mx\/archivo\/wp-content\/uploads\/2011\/02\/snapshot3.jpg]<\/p>\n","protected":false},"excerpt":{"rendered":"<p>8vas Jornadas Naciones sobre Victimas del delito y derechos humanos, Victimas del secuestro Conferencia: La prevenci\u00f3n del delito del secuestro en grupos de la sociedad Conferencista: Lic. Alfredo Neme Mart\u00ednez Duraci\u00f3n: 20:07min [flowplayer src=http:\/\/www.dhnet.org.mx\/videos\/conferencias\/edo-guanajuato\/8-jornacvictimas\/09-alfredo.f4v, width=540, height=360, splash=http:\/\/www.dhnet.org.mx\/archivo\/wp-content\/uploads\/2011\/02\/snapshot3.jpg]<\/p>\n","protected":false},"author":1,"featured_media":0,"comment_status":"closed","ping_status":"open","sticky":false,"template":"","format":"standard","meta":{"footnotes":""},"categories":[1],"tags":[172,180,28,158,160],"class_list":["post-932","post","type-post","status-publish","format-standard","hentry","category-uncategorized","tag-8-jornadas-nacionales-sobre-victimas-del-delito-y-derechos-humanos--victimas-del-secuestro","tag-alfredo-neme-martinez","tag-cndh","tag-guanajuato","tag-pdheg"],"_links":{"self":[{"href":"https:\/\/www.dhnet.org.mx\/archivo\/wp-json\/wp\/v2\/posts\/932","targetHints":{"allow":["GET"]}}],"collection":[{"href":"https:\/\/www.dhnet.org.mx\/archivo\/wp-json\/wp\/v2\/posts"}],"about":[{"href":"https:\/\/www.dhnet.org.mx\/archivo\/wp-json\/wp\/v2\/types\/post"}],"author":[{"embeddable":true,"href":"https:\/\/www.dhnet.org.mx\/archivo\/wp-json\/wp\/v2\/users\/1"}],"replies":[{"embeddable":true,"href":"https:\/\/www.dhnet.org.mx\/archivo\/wp-json\/wp\/v2\/comments?post=932"}],"version-history":[{"count":4,"href":"https:\/\/www.dhnet.org.mx\/archivo\/wp-json\/wp\/v2\/posts\/932\/revisions"}],"predecessor-version":[{"id":936,"href":"https:\/\/www.dhnet.org.mx\/archivo\/wp-json\/wp\/v2\/posts\/932\/revisions\/936"}],"wp:attachment":[{"href":"https:\/\/www.dhnet.org.mx\/archivo\/wp-json\/wp\/v2\/media?parent=932"}],"wp:term":[{"taxonomy":"category","embeddable":true,"href":"https:\/\/www.dhnet.org.mx\/archivo\/wp-json\/wp\/v2\/categories?post=932"},{"taxonomy":"post_tag","embeddable":true,"href":"https:\/\/www.dhnet.org.mx\/archivo\/wp-json\/wp\/v2\/tags?post=932"}],"curies":[{"name":"wp","href":"https:\/\/api.w.org\/{rel}","templated":true}]}}