{"id":9058,"date":"2017-08-30T14:47:40","date_gmt":"2017-08-30T19:47:40","guid":{"rendered":"http:\/\/www.dhnet.org.mx\/archivo\/?p=9058"},"modified":"2018-04-03T13:28:28","modified_gmt":"2018-04-03T18:28:28","slug":"dia-internacional-de-las-victimas-de-desapariciones-forzadas-30-de-agosto","status":"publish","type":"post","link":"https:\/\/www.dhnet.org.mx\/archivo\/dia-internacional-de-las-victimas-de-desapariciones-forzadas-30-de-agosto\/","title":{"rendered":"D\u00eda Internacional de las V\u00edctimas de Desapariciones Forzadas &#8211; 30 de Agosto"},"content":{"rendered":"<p>A partir del a\u00f1o 2011 la Asamblea General de las Naciones Unidas adopt\u00f3 el 30 de agosto, como el D\u00eda Internacional de las V\u00edctimas de Desapariciones Forzadas, como respuesta al creciente n\u00famero de denuncias. La ONU destaca que las desapariciones forzadas iniciaron principalmente como producto de las dictaduras militares, sin embargo hoy en d\u00eda son situaciones encabezadas en su mayor\u00eda por la delincuencia organizada en sus diversas modalidades.<\/p>\n<p>La desaparici\u00f3n forzada es un delito complejo, m\u00faltiple y acumulativo, pues atenta contra un conjunto diverso de derechos tales como: la vida; la libertad; la seguridad personal; trato humano, respeto a la dignidad; al reconocimiento de la persona jur\u00eddica; la identidad y la vida familiar, principalmente.<\/p>\n<p>Uno de los obst\u00e1culos que se presenta, ante el problema de las desapariciones, es el reducido involucramiento de la sociedad, debido en parte a la estigmatizaci\u00f3n de considerar que la v\u00edctima se encontraba muy probablemente vinculada con la ilegalidad, lo que inhibe la participaci\u00f3n y compromiso social.<\/p>\n<p><iframe title=\"D\u00eda Internacional de las V\u00edctimas de Desapariciones Forzadas - 30 de Agosto\" width=\"800\" height=\"450\" src=\"https:\/\/www.youtube.com\/embed\/o71i1k8Ve-4?feature=oembed\" frameborder=\"0\" allow=\"accelerometer; autoplay; clipboard-write; encrypted-media; gyroscope; picture-in-picture; web-share\" referrerpolicy=\"strict-origin-when-cross-origin\" allowfullscreen><\/iframe><\/p>\n","protected":false},"excerpt":{"rendered":"<p>A partir del a\u00f1o 2011 la Asamblea General de las Naciones Unidas adopt\u00f3 el 30 de agosto, como el D\u00eda Internacional de las V\u00edctimas de Desapariciones Forzadas, como respuesta al creciente n\u00famero de denuncias. La ONU destaca que las desapariciones forzadas iniciaron principalmente como producto de las dictaduras militares, sin embargo hoy en d\u00eda son [&hellip;]<\/p>\n","protected":false},"author":1,"featured_media":9059,"comment_status":"closed","ping_status":"closed","sticky":false,"template":"","format":"standard","meta":{"footnotes":""},"categories":[880,878],"tags":[828,797,889],"class_list":["post-9058","post","type-post","status-publish","format-standard","has-post-thumbnail","hentry","category-actividades-y-eventos","category-derechos-humanos","tag-conmemoraciones-y-enfoques","tag-derechos-humanos","tag-desaparicion-forzada"],"_links":{"self":[{"href":"https:\/\/www.dhnet.org.mx\/archivo\/wp-json\/wp\/v2\/posts\/9058","targetHints":{"allow":["GET"]}}],"collection":[{"href":"https:\/\/www.dhnet.org.mx\/archivo\/wp-json\/wp\/v2\/posts"}],"about":[{"href":"https:\/\/www.dhnet.org.mx\/archivo\/wp-json\/wp\/v2\/types\/post"}],"author":[{"embeddable":true,"href":"https:\/\/www.dhnet.org.mx\/archivo\/wp-json\/wp\/v2\/users\/1"}],"replies":[{"embeddable":true,"href":"https:\/\/www.dhnet.org.mx\/archivo\/wp-json\/wp\/v2\/comments?post=9058"}],"version-history":[{"count":1,"href":"https:\/\/www.dhnet.org.mx\/archivo\/wp-json\/wp\/v2\/posts\/9058\/revisions"}],"predecessor-version":[{"id":9060,"href":"https:\/\/www.dhnet.org.mx\/archivo\/wp-json\/wp\/v2\/posts\/9058\/revisions\/9060"}],"wp:featuredmedia":[{"embeddable":true,"href":"https:\/\/www.dhnet.org.mx\/archivo\/wp-json\/wp\/v2\/media\/9059"}],"wp:attachment":[{"href":"https:\/\/www.dhnet.org.mx\/archivo\/wp-json\/wp\/v2\/media?parent=9058"}],"wp:term":[{"taxonomy":"category","embeddable":true,"href":"https:\/\/www.dhnet.org.mx\/archivo\/wp-json\/wp\/v2\/categories?post=9058"},{"taxonomy":"post_tag","embeddable":true,"href":"https:\/\/www.dhnet.org.mx\/archivo\/wp-json\/wp\/v2\/tags?post=9058"}],"curies":[{"name":"wp","href":"https:\/\/api.w.org\/{rel}","templated":true}]}}