{"id":894,"date":"2011-03-01T10:56:22","date_gmt":"2011-03-01T16:56:22","guid":{"rendered":"http:\/\/www.dhnet.org.mx\/archivo\/?p=894"},"modified":"2012-03-22T15:57:41","modified_gmt":"2012-03-22T21:57:41","slug":"la-participacion-ciudadana-ante-el-delito-de-secuestro","status":"publish","type":"post","link":"https:\/\/www.dhnet.org.mx\/archivo\/la-participacion-ciudadana-ante-el-delito-de-secuestro\/","title":{"rendered":"La participaci\u00f3n ciudadana ante el delito de secuestro"},"content":{"rendered":"<p><a href=\"http:\/\/www.dhnet.org.mx\/archivo\/8vas-jornadas-nacionales-sobre-victimas-del-delito-inauguracion-y-firma-de-convenio\/snapshot3\/\" rel=\"attachment wp-att-875\"><img decoding=\"async\" class=\"alignright size-thumbnail wp-image-875\" title=\"snapshot3\" src=\"http:\/\/www.dhnet.org.mx\/archivo\/wp-content\/uploads\/2011\/02\/snapshot3-150x150.jpg\" alt=\"\" width=\"150\" height=\"150\" \/><\/a><strong>8vas Jornadas Naciones sobre Victimas del delito y derechos humanos, Victimas del secuestro<\/strong><\/p>\n<p><strong>Conferencia:<\/strong><br \/>\nLa participaci\u00f3n ciudadana ante el delito de secuestro<\/p>\n<p><strong>Conferencista:<\/strong><br \/>\nSr. Ismael Plascencia Nu\u00f1ez<\/p>\n<p><strong>Duraci\u00f3n:<\/strong> 21:48min<\/p>\n<p>[flowplayer src=http:\/\/www.dhnet.org.mx\/videos\/conferencias\/edo-guanajuato\/8-jornacvictimas\/04-ismael.f4v, width=540, height=360, splash=http:\/\/www.dhnet.org.mx\/archivo\/wp-content\/uploads\/2011\/02\/snapshot3.jpg]<\/p>\n<p>[bajar file=\u00bbhttp:\/\/www.dhnet.org.mx\/videos\/conferencias\/edo-guanajuato\/8-jornacvictimas\/04-ismael.f4v\u00bb title=\u00bbLa participaci\u00f3n ciudadana ante el delito de secuestro\u00bb]<\/p>\n","protected":false},"excerpt":{"rendered":"<p>8vas Jornadas Naciones sobre Victimas del delito y derechos humanos, Victimas del secuestro Conferencia: La participaci\u00f3n ciudadana ante el delito de secuestro Conferencista: Sr. Ismael Plascencia Nu\u00f1ez Duraci\u00f3n: 21:48min [flowplayer src=http:\/\/www.dhnet.org.mx\/videos\/conferencias\/edo-guanajuato\/8-jornacvictimas\/04-ismael.f4v, width=540, height=360, splash=http:\/\/www.dhnet.org.mx\/archivo\/wp-content\/uploads\/2011\/02\/snapshot3.jpg] [bajar file=\u00bbhttp:\/\/www.dhnet.org.mx\/videos\/conferencias\/edo-guanajuato\/8-jornacvictimas\/04-ismael.f4v\u00bb title=\u00bbLa participaci\u00f3n ciudadana ante el delito de secuestro\u00bb]<\/p>\n","protected":false},"author":1,"featured_media":0,"comment_status":"closed","ping_status":"open","sticky":false,"template":"","format":"standard","meta":{"footnotes":""},"categories":[1],"tags":[172,28,158,175,160],"class_list":["post-894","post","type-post","status-publish","format-standard","hentry","category-uncategorized","tag-8-jornadas-nacionales-sobre-victimas-del-delito-y-derechos-humanos--victimas-del-secuestro","tag-cndh","tag-guanajuato","tag-ismael-plascencia-nunez","tag-pdheg"],"_links":{"self":[{"href":"https:\/\/www.dhnet.org.mx\/archivo\/wp-json\/wp\/v2\/posts\/894","targetHints":{"allow":["GET"]}}],"collection":[{"href":"https:\/\/www.dhnet.org.mx\/archivo\/wp-json\/wp\/v2\/posts"}],"about":[{"href":"https:\/\/www.dhnet.org.mx\/archivo\/wp-json\/wp\/v2\/types\/post"}],"author":[{"embeddable":true,"href":"https:\/\/www.dhnet.org.mx\/archivo\/wp-json\/wp\/v2\/users\/1"}],"replies":[{"embeddable":true,"href":"https:\/\/www.dhnet.org.mx\/archivo\/wp-json\/wp\/v2\/comments?post=894"}],"version-history":[{"count":8,"href":"https:\/\/www.dhnet.org.mx\/archivo\/wp-json\/wp\/v2\/posts\/894\/revisions"}],"predecessor-version":[{"id":2242,"href":"https:\/\/www.dhnet.org.mx\/archivo\/wp-json\/wp\/v2\/posts\/894\/revisions\/2242"}],"wp:attachment":[{"href":"https:\/\/www.dhnet.org.mx\/archivo\/wp-json\/wp\/v2\/media?parent=894"}],"wp:term":[{"taxonomy":"category","embeddable":true,"href":"https:\/\/www.dhnet.org.mx\/archivo\/wp-json\/wp\/v2\/categories?post=894"},{"taxonomy":"post_tag","embeddable":true,"href":"https:\/\/www.dhnet.org.mx\/archivo\/wp-json\/wp\/v2\/tags?post=894"}],"curies":[{"name":"wp","href":"https:\/\/api.w.org\/{rel}","templated":true}]}}