{"id":8718,"date":"2017-06-16T10:40:39","date_gmt":"2017-06-16T15:40:39","guid":{"rendered":"http:\/\/www.dhnet.org.mx\/archivo\/?p=8718"},"modified":"2017-06-19T10:41:53","modified_gmt":"2017-06-19T15:41:53","slug":"principios-rectores-sobre-las-empresas-y-los-derechos-humanos-16-de-junio-2","status":"publish","type":"post","link":"https:\/\/www.dhnet.org.mx\/archivo\/principios-rectores-sobre-las-empresas-y-los-derechos-humanos-16-de-junio-2\/","title":{"rendered":"Principios Rectores sobre las Empresas y los Derechos Humanos &#8211; 16 de Junio"},"content":{"rendered":"<p>Cada 16 de junio recordamos que en el 2011, el Consejo de Naciones Unidas hizo suyos los Principios Rectores sobre las empresas y los derechos humanos. Con los cuales se busca hacer extensivo su respeto al \u00e1mbito empresarial.<\/p>\n<p>La CEDH ha exhortado a los empresarios a que se adhieran al Pacto Global de la ONU para que implementen acciones que garanticen entre los trabajadores la igualdad entre hombres y mujeres; la erradicaci\u00f3n de la explotaci\u00f3n de la mano de obra infantil y la corrupci\u00f3n; el cuidado del medio ambiente y el uso de tecnolog\u00edas amigables.<\/p>\n<p>A partir de 1990, con la creaci\u00f3n de los organismos de Derechos P\u00fablicos, los mayores esfuerzos fueron dirigidos hacia el sector p\u00fablico, por ser quienes podr\u00edan incurrir en violaciones. Sin embargo el concepto de Derechos Humanos se ha expandido hacia el sector privado. Con la firma de estos principios rectores se asume el compromiso que en el \u00e1mbito de la actividad empresarial estas se encuentran obligadas a respetar, proteger y reparar los agravios a los Derechos Fundamentales.<\/p>\n<p><iframe title=\"Principios Rectores sobre las Empresas y los Derechos Humanos - 16 de Junio\" width=\"800\" height=\"450\" src=\"https:\/\/www.youtube.com\/embed\/_Q_12oE_G80?feature=oembed\" frameborder=\"0\" allow=\"accelerometer; autoplay; clipboard-write; encrypted-media; gyroscope; picture-in-picture; web-share\" referrerpolicy=\"strict-origin-when-cross-origin\" allowfullscreen><\/iframe><\/p>\n","protected":false},"excerpt":{"rendered":"<p>Cada 16 de junio recordamos que en el 2011, el Consejo de Naciones Unidas hizo suyos los Principios Rectores sobre las empresas y los derechos humanos. Con los cuales se busca hacer extensivo su respeto al \u00e1mbito empresarial. La CEDH ha exhortado a los empresarios a que se adhieran al Pacto Global de la ONU [&hellip;]<\/p>\n","protected":false},"author":1,"featured_media":8719,"comment_status":"closed","ping_status":"closed","sticky":false,"template":"","format":"standard","meta":{"footnotes":""},"categories":[878],"tags":[],"class_list":["post-8718","post","type-post","status-publish","format-standard","has-post-thumbnail","hentry","category-derechos-humanos"],"_links":{"self":[{"href":"https:\/\/www.dhnet.org.mx\/archivo\/wp-json\/wp\/v2\/posts\/8718","targetHints":{"allow":["GET"]}}],"collection":[{"href":"https:\/\/www.dhnet.org.mx\/archivo\/wp-json\/wp\/v2\/posts"}],"about":[{"href":"https:\/\/www.dhnet.org.mx\/archivo\/wp-json\/wp\/v2\/types\/post"}],"author":[{"embeddable":true,"href":"https:\/\/www.dhnet.org.mx\/archivo\/wp-json\/wp\/v2\/users\/1"}],"replies":[{"embeddable":true,"href":"https:\/\/www.dhnet.org.mx\/archivo\/wp-json\/wp\/v2\/comments?post=8718"}],"version-history":[{"count":1,"href":"https:\/\/www.dhnet.org.mx\/archivo\/wp-json\/wp\/v2\/posts\/8718\/revisions"}],"predecessor-version":[{"id":8720,"href":"https:\/\/www.dhnet.org.mx\/archivo\/wp-json\/wp\/v2\/posts\/8718\/revisions\/8720"}],"wp:featuredmedia":[{"embeddable":true,"href":"https:\/\/www.dhnet.org.mx\/archivo\/wp-json\/wp\/v2\/media\/8719"}],"wp:attachment":[{"href":"https:\/\/www.dhnet.org.mx\/archivo\/wp-json\/wp\/v2\/media?parent=8718"}],"wp:term":[{"taxonomy":"category","embeddable":true,"href":"https:\/\/www.dhnet.org.mx\/archivo\/wp-json\/wp\/v2\/categories?post=8718"},{"taxonomy":"post_tag","embeddable":true,"href":"https:\/\/www.dhnet.org.mx\/archivo\/wp-json\/wp\/v2\/tags?post=8718"}],"curies":[{"name":"wp","href":"https:\/\/api.w.org\/{rel}","templated":true}]}}