{"id":851,"date":"2009-02-24T14:41:20","date_gmt":"2009-02-24T20:41:20","guid":{"rendered":"http:\/\/www.dhnet.org.mx\/archivo\/?p=851"},"modified":"2012-03-05T14:10:38","modified_gmt":"2012-03-05T20:10:38","slug":"ninez-migrante-y-trata-de-personas","status":"publish","type":"post","link":"https:\/\/www.dhnet.org.mx\/archivo\/ninez-migrante-y-trata-de-personas\/","title":{"rendered":"Ni\u00f1ez migrante y trata de personas"},"content":{"rendered":"<p><a href=\"http:\/\/www.dhnet.org.mx\/archivo\/foro-globalizacion-y-derechos-del-nino-presentacion-y-ceremonia-inaugural\/snapshot2\/\" rel=\"attachment wp-att-824\"><img decoding=\"async\" class=\"alignright size-thumbnail wp-image-824\" title=\"snapshot2\" src=\"http:\/\/www.dhnet.org.mx\/archivo\/wp-content\/uploads\/2011\/02\/snapshot2-150x150.jpg\" alt=\"\" width=\"150\" height=\"150\" \/><\/a><strong>Foro: Globalizaci\u00f3n y Derechos del Ni\u00f1o<br \/>\n\u00abLas Ni\u00f1as y los Ni\u00f1os frente al Siglo XXI\u00bb<\/strong><\/p>\n<p><strong>Conferencia:<\/strong><br \/>\nNi\u00f1ez migrante y trata de personas.<\/p>\n<p><strong>Conferencista:<\/strong><br \/>\nMtra. Helene Le Goff<br \/>\nOrganizaci\u00f3n Internacional para las Migraciones. OIM<\/p>\n<p>Duraci\u00f3n: 1:01hr<\/p>\n<p>[flowplayer src=http:\/\/www.dhnet.org.mx\/videos\/conferencias\/edo-guanajuato\/foro-nino\/05-helene.f4v, width=540, height=360, splash=http:\/\/www.dhnet.org.mx\/archivo\/wp-content\/uploads\/2011\/02\/snapshot2.jpg]<\/p>\n<p>[bajar file=\u00bbhttp:\/\/www.dhnet.org.mx\/videos\/conferencias\/edo-guanajuato\/foro-nino\/05-helene.f4v\u00bb title=\u00bbNi\u00f1ez migrante y trata de personas\u00bb]<\/p>\n","protected":false},"excerpt":{"rendered":"<p>Foro: Globalizaci\u00f3n y Derechos del Ni\u00f1o \u00abLas Ni\u00f1as y los Ni\u00f1os frente al Siglo XXI\u00bb Conferencia: Ni\u00f1ez migrante y trata de personas. Conferencista: Mtra. Helene Le Goff Organizaci\u00f3n Internacional para las Migraciones. OIM Duraci\u00f3n: 1:01hr [flowplayer src=http:\/\/www.dhnet.org.mx\/videos\/conferencias\/edo-guanajuato\/foro-nino\/05-helene.f4v, width=540, height=360, splash=http:\/\/www.dhnet.org.mx\/archivo\/wp-content\/uploads\/2011\/02\/snapshot2.jpg] [bajar file=\u00bbhttp:\/\/www.dhnet.org.mx\/videos\/conferencias\/edo-guanajuato\/foro-nino\/05-helene.f4v\u00bb title=\u00bbNi\u00f1ez migrante y trata de personas\u00bb]<\/p>\n","protected":false},"author":1,"featured_media":0,"comment_status":"closed","ping_status":"open","sticky":false,"template":"","format":"standard","meta":{"footnotes":""},"categories":[1],"tags":[283,222,157,158,167,282,160],"class_list":["post-851","post","type-post","status-publish","format-standard","hentry","category-uncategorized","tag-conferencias-2","tag-derechos-de-las-ninas-y-los-ninos","tag-foro-globalizacion-y-derechos-del-nino","tag-guanajuato","tag-helene-le-goff","tag-migracion","tag-pdheg"],"_links":{"self":[{"href":"https:\/\/www.dhnet.org.mx\/archivo\/wp-json\/wp\/v2\/posts\/851","targetHints":{"allow":["GET"]}}],"collection":[{"href":"https:\/\/www.dhnet.org.mx\/archivo\/wp-json\/wp\/v2\/posts"}],"about":[{"href":"https:\/\/www.dhnet.org.mx\/archivo\/wp-json\/wp\/v2\/types\/post"}],"author":[{"embeddable":true,"href":"https:\/\/www.dhnet.org.mx\/archivo\/wp-json\/wp\/v2\/users\/1"}],"replies":[{"embeddable":true,"href":"https:\/\/www.dhnet.org.mx\/archivo\/wp-json\/wp\/v2\/comments?post=851"}],"version-history":[{"count":13,"href":"https:\/\/www.dhnet.org.mx\/archivo\/wp-json\/wp\/v2\/posts\/851\/revisions"}],"predecessor-version":[{"id":1727,"href":"https:\/\/www.dhnet.org.mx\/archivo\/wp-json\/wp\/v2\/posts\/851\/revisions\/1727"}],"wp:attachment":[{"href":"https:\/\/www.dhnet.org.mx\/archivo\/wp-json\/wp\/v2\/media?parent=851"}],"wp:term":[{"taxonomy":"category","embeddable":true,"href":"https:\/\/www.dhnet.org.mx\/archivo\/wp-json\/wp\/v2\/categories?post=851"},{"taxonomy":"post_tag","embeddable":true,"href":"https:\/\/www.dhnet.org.mx\/archivo\/wp-json\/wp\/v2\/tags?post=851"}],"curies":[{"name":"wp","href":"https:\/\/api.w.org\/{rel}","templated":true}]}}