{"id":841,"date":"2009-02-24T14:16:25","date_gmt":"2009-02-24T20:16:25","guid":{"rendered":"http:\/\/www.dhnet.org.mx\/archivo\/?p=841"},"modified":"2012-03-06T11:57:50","modified_gmt":"2012-03-06T17:57:50","slug":"mexico-y-el-trabajo-infantil","status":"publish","type":"post","link":"https:\/\/www.dhnet.org.mx\/archivo\/mexico-y-el-trabajo-infantil\/","title":{"rendered":"M\u00e9xico y el trabajo Infantil"},"content":{"rendered":"<p><a href=\"http:\/\/www.dhnet.org.mx\/archivo\/foro-globalizacion-y-derechos-del-nino-presentacion-y-ceremonia-inaugural\/snapshot2\/\" rel=\"attachment wp-att-824\"><img decoding=\"async\" class=\"alignright size-thumbnail wp-image-824\" title=\"snapshot2\" src=\"http:\/\/www.dhnet.org.mx\/archivo\/wp-content\/uploads\/2011\/02\/snapshot2-150x150.jpg\" alt=\"\" width=\"150\" height=\"150\" \/><\/a><strong>Foro: Globalizaci\u00f3n y Derechos del Ni\u00f1o<br \/>\n\u00abLas Ni\u00f1as y los Ni\u00f1os frente al Siglo XXI\u00bb<\/strong><\/p>\n<p><strong>Conferencia:<\/strong><br \/>\nM\u00e9xico y el trabajo Infantil<\/p>\n<p><strong>Conferencista:<\/strong><br \/>\nDra. Norma In\u00e9s Barreiro Garc\u00eda<br \/>\nTHAIS, Organizaci\u00f3n de la Sociedad civil que promueve los derechos de la Infancia y adolescencia<\/p>\n<p>Duraci\u00f3n: 1:00hr<\/p>\n<p>[flowplayer src=http:\/\/www.dhnet.org.mx\/videos\/conferencias\/edo-guanajuato\/foro-nino\/03-normaines.f4v, width=540, height=360, splash=http:\/\/www.dhnet.org.mx\/archivo\/wp-content\/uploads\/2011\/02\/snapshot2.jpg]<\/p>\n<p>[bajar file=\u00bbhttp:\/\/www.dhnet.org.mx\/videos\/conferencias\/edo-guanajuato\/foro-nino\/03-normaines.f4v\u00bb title=\u00bbM\u00e9xico y el trabajo infantil\u00bb]<\/p>\n","protected":false},"excerpt":{"rendered":"<p>Foro: Globalizaci\u00f3n y Derechos del Ni\u00f1o \u00abLas Ni\u00f1as y los Ni\u00f1os frente al Siglo XXI\u00bb Conferencia: M\u00e9xico y el trabajo Infantil Conferencista: Dra. Norma In\u00e9s Barreiro Garc\u00eda THAIS, Organizaci\u00f3n de la Sociedad civil que promueve los derechos de la Infancia y adolescencia Duraci\u00f3n: 1:00hr [flowplayer src=http:\/\/www.dhnet.org.mx\/videos\/conferencias\/edo-guanajuato\/foro-nino\/03-normaines.f4v, width=540, height=360, splash=http:\/\/www.dhnet.org.mx\/archivo\/wp-content\/uploads\/2011\/02\/snapshot2.jpg] [bajar file=\u00bbhttp:\/\/www.dhnet.org.mx\/videos\/conferencias\/edo-guanajuato\/foro-nino\/03-normaines.f4v\u00bb title=\u00bbM\u00e9xico y el trabajo [&hellip;]<\/p>\n","protected":false},"author":1,"featured_media":0,"comment_status":"closed","ping_status":"open","sticky":false,"template":"","format":"standard","meta":{"footnotes":""},"categories":[1],"tags":[52,222,157,158,165,160],"class_list":["post-841","post","type-post","status-publish","format-standard","hentry","category-uncategorized","tag-ceremonias","tag-derechos-de-las-ninas-y-los-ninos","tag-foro-globalizacion-y-derechos-del-nino","tag-guanajuato","tag-norma-ines-barreriro-garcia","tag-pdheg"],"_links":{"self":[{"href":"https:\/\/www.dhnet.org.mx\/archivo\/wp-json\/wp\/v2\/posts\/841","targetHints":{"allow":["GET"]}}],"collection":[{"href":"https:\/\/www.dhnet.org.mx\/archivo\/wp-json\/wp\/v2\/posts"}],"about":[{"href":"https:\/\/www.dhnet.org.mx\/archivo\/wp-json\/wp\/v2\/types\/post"}],"author":[{"embeddable":true,"href":"https:\/\/www.dhnet.org.mx\/archivo\/wp-json\/wp\/v2\/users\/1"}],"replies":[{"embeddable":true,"href":"https:\/\/www.dhnet.org.mx\/archivo\/wp-json\/wp\/v2\/comments?post=841"}],"version-history":[{"count":13,"href":"https:\/\/www.dhnet.org.mx\/archivo\/wp-json\/wp\/v2\/posts\/841\/revisions"}],"predecessor-version":[{"id":1771,"href":"https:\/\/www.dhnet.org.mx\/archivo\/wp-json\/wp\/v2\/posts\/841\/revisions\/1771"}],"wp:attachment":[{"href":"https:\/\/www.dhnet.org.mx\/archivo\/wp-json\/wp\/v2\/media?parent=841"}],"wp:term":[{"taxonomy":"category","embeddable":true,"href":"https:\/\/www.dhnet.org.mx\/archivo\/wp-json\/wp\/v2\/categories?post=841"},{"taxonomy":"post_tag","embeddable":true,"href":"https:\/\/www.dhnet.org.mx\/archivo\/wp-json\/wp\/v2\/tags?post=841"}],"curies":[{"name":"wp","href":"https:\/\/api.w.org\/{rel}","templated":true}]}}