{"id":829,"date":"2009-02-24T13:49:38","date_gmt":"2009-02-24T19:49:38","guid":{"rendered":"http:\/\/www.dhnet.org.mx\/archivo\/?p=829"},"modified":"2012-03-06T11:56:50","modified_gmt":"2012-03-06T17:56:50","slug":"marco-general-de-referencia-de-la-situacion-de-la-infancia","status":"publish","type":"post","link":"https:\/\/www.dhnet.org.mx\/archivo\/marco-general-de-referencia-de-la-situacion-de-la-infancia\/","title":{"rendered":"Marco general de referencia de la situaci\u00f3n de la Infancia"},"content":{"rendered":"<p><a href=\"http:\/\/www.dhnet.org.mx\/archivo\/foro-globalizacion-y-derechos-del-nino-presentacion-y-ceremonia-inaugural\/snapshot2\/\" rel=\"attachment wp-att-824\"><img decoding=\"async\" class=\"alignright size-thumbnail wp-image-824\" title=\"snapshot2\" src=\"http:\/\/www.dhnet.org.mx\/archivo\/wp-content\/uploads\/2011\/02\/snapshot2-150x150.jpg\" alt=\"\" width=\"150\" height=\"150\" \/><\/a><strong>Foro: Globalizaci\u00f3n y Derechos del Ni\u00f1o<br \/>\n\u00abLas Ni\u00f1as y los Ni\u00f1os frente al Siglo XXI\u00bb<\/strong><\/p>\n<p><strong>Conferencia Introductoria:<\/strong><br \/>\nMarco general de refencia de la situaci\u00f3n de la Infancia<\/p>\n<p><strong>Conferencista:<\/strong><br \/>\nLic. Alfonso Poir\u00e9 Casta\u00f1eda<br \/>\n\u00abSave the Children\u00bb<\/p>\n<p>Duraci\u00f3n: 56:01min<\/p>\n<p>[flowplayer src=http:\/\/www.dhnet.org.mx\/videos\/conferencias\/edo-guanajuato\/foro-nino\/01-alfonsopoire.f4v, width=540, height=360, splash=http:\/\/www.dhnet.org.mx\/archivo\/wp-content\/uploads\/2011\/02\/snapshot2.jpg]<\/p>\n<p>[bajar file=\u00bbhttp:\/\/www.dhnet.org.mx\/videos\/conferencias\/edo-guanajuato\/foro-nino\/01-alfonsopoire.f4v\u00bb title=\u00bbMarco General de Referencia de la Situaci\u00f3n de la Infancia\u00bb]<\/p>\n","protected":false},"excerpt":{"rendered":"<p>Foro: Globalizaci\u00f3n y Derechos del Ni\u00f1o \u00abLas Ni\u00f1as y los Ni\u00f1os frente al Siglo XXI\u00bb Conferencia Introductoria: Marco general de refencia de la situaci\u00f3n de la Infancia Conferencista: Lic. Alfonso Poir\u00e9 Casta\u00f1eda \u00abSave the Children\u00bb Duraci\u00f3n: 56:01min [flowplayer src=http:\/\/www.dhnet.org.mx\/videos\/conferencias\/edo-guanajuato\/foro-nino\/01-alfonsopoire.f4v, width=540, height=360, splash=http:\/\/www.dhnet.org.mx\/archivo\/wp-content\/uploads\/2011\/02\/snapshot2.jpg] [bajar file=\u00bbhttp:\/\/www.dhnet.org.mx\/videos\/conferencias\/edo-guanajuato\/foro-nino\/01-alfonsopoire.f4v\u00bb title=\u00bbMarco General de Referencia de la Situaci\u00f3n de la Infancia\u00bb]<\/p>\n","protected":false},"author":1,"featured_media":0,"comment_status":"closed","ping_status":"open","sticky":false,"template":"","format":"standard","meta":{"footnotes":""},"categories":[1],"tags":[162,52,222,157,158,160,163],"class_list":["post-829","post","type-post","status-publish","format-standard","hentry","category-uncategorized","tag-alfonso-poire-castaneda","tag-ceremonias","tag-derechos-de-las-ninas-y-los-ninos","tag-foro-globalizacion-y-derechos-del-nino","tag-guanajuato","tag-pdheg","tag-save-the-children"],"_links":{"self":[{"href":"https:\/\/www.dhnet.org.mx\/archivo\/wp-json\/wp\/v2\/posts\/829","targetHints":{"allow":["GET"]}}],"collection":[{"href":"https:\/\/www.dhnet.org.mx\/archivo\/wp-json\/wp\/v2\/posts"}],"about":[{"href":"https:\/\/www.dhnet.org.mx\/archivo\/wp-json\/wp\/v2\/types\/post"}],"author":[{"embeddable":true,"href":"https:\/\/www.dhnet.org.mx\/archivo\/wp-json\/wp\/v2\/users\/1"}],"replies":[{"embeddable":true,"href":"https:\/\/www.dhnet.org.mx\/archivo\/wp-json\/wp\/v2\/comments?post=829"}],"version-history":[{"count":15,"href":"https:\/\/www.dhnet.org.mx\/archivo\/wp-json\/wp\/v2\/posts\/829\/revisions"}],"predecessor-version":[{"id":1767,"href":"https:\/\/www.dhnet.org.mx\/archivo\/wp-json\/wp\/v2\/posts\/829\/revisions\/1767"}],"wp:attachment":[{"href":"https:\/\/www.dhnet.org.mx\/archivo\/wp-json\/wp\/v2\/media?parent=829"}],"wp:term":[{"taxonomy":"category","embeddable":true,"href":"https:\/\/www.dhnet.org.mx\/archivo\/wp-json\/wp\/v2\/categories?post=829"},{"taxonomy":"post_tag","embeddable":true,"href":"https:\/\/www.dhnet.org.mx\/archivo\/wp-json\/wp\/v2\/tags?post=829"}],"curies":[{"name":"wp","href":"https:\/\/api.w.org\/{rel}","templated":true}]}}