{"id":821,"date":"2009-02-24T12:48:36","date_gmt":"2009-02-24T18:48:36","guid":{"rendered":"http:\/\/www.dhnet.org.mx\/archivo\/?p=821"},"modified":"2012-03-06T11:56:13","modified_gmt":"2012-03-06T17:56:13","slug":"foro-globalizacion-y-derechos-del-nino-presentacion-y-ceremonia-inaugural","status":"publish","type":"post","link":"https:\/\/www.dhnet.org.mx\/archivo\/foro-globalizacion-y-derechos-del-nino-presentacion-y-ceremonia-inaugural\/","title":{"rendered":"Foro: Globalizaci\u00f3n y Derechos del Ni\u00f1o &#8211; Presentaci\u00f3n y ceremonia inaugural"},"content":{"rendered":"<p><a href=\"http:\/\/www.dhnet.org.mx\/archivo\/foro-globalizacion-y-derechos-del-nino-presentacion-y-ceremonia-inaugural\/snapshot2\/\" rel=\"attachment wp-att-824\"><img decoding=\"async\" class=\"alignright size-thumbnail wp-image-824\" title=\"snapshot2\" src=\"http:\/\/www.dhnet.org.mx\/archivo\/wp-content\/uploads\/2011\/02\/snapshot2-150x150.jpg\" alt=\"\" width=\"150\" height=\"150\" \/><\/a><strong>Foro: Globalizaci\u00f3n y Derechos del Ni\u00f1o<br \/>\n\u00abLas Ni\u00f1as y los Ni\u00f1os frente al Siglo XXI\u00bb<\/strong><\/p>\n<p>Presentaci\u00f3n y Ceremonia inaugural para el Foro Mundial sobre la Globalizaci\u00f3n y Derechos del Ni\u00f1o celebrado en el estado de Guanajuato.<\/p>\n<p>Duraci\u00f3n: 15:41min<\/p>\n<p>[flowplayer src=http:\/\/www.dhnet.org.mx\/videos\/conferencias\/edo-guanajuato\/foro-nino\/00-inauguracion.f4v, width=540, height=360, splash=http:\/\/www.dhnet.org.mx\/archivo\/wp-content\/uploads\/2011\/02\/snapshot2.jpg]<\/p>\n<p>[bajar file=\u00bbhttp:\/\/www.dhnet.org.mx\/videos\/conferencias\/edo-guanajuato\/foro-nino\/00-inauguracion.f4v\u00bb title=\u00bbPresentaci\u00f3n y Ceremomonia de Inauguraci\u00f3n\u00bb]<\/p>\n","protected":false},"excerpt":{"rendered":"<p>Foro: Globalizaci\u00f3n y Derechos del Ni\u00f1o \u00abLas Ni\u00f1as y los Ni\u00f1os frente al Siglo XXI\u00bb Presentaci\u00f3n y Ceremonia inaugural para el Foro Mundial sobre la Globalizaci\u00f3n y Derechos del Ni\u00f1o celebrado en el estado de Guanajuato. Duraci\u00f3n: 15:41min [flowplayer src=http:\/\/www.dhnet.org.mx\/videos\/conferencias\/edo-guanajuato\/foro-nino\/00-inauguracion.f4v, width=540, height=360, splash=http:\/\/www.dhnet.org.mx\/archivo\/wp-content\/uploads\/2011\/02\/snapshot2.jpg] [bajar file=\u00bbhttp:\/\/www.dhnet.org.mx\/videos\/conferencias\/edo-guanajuato\/foro-nino\/00-inauguracion.f4v\u00bb title=\u00bbPresentaci\u00f3n y Ceremomonia de Inauguraci\u00f3n\u00bb]<\/p>\n","protected":false},"author":1,"featured_media":0,"comment_status":"closed","ping_status":"open","sticky":false,"template":"","format":"standard","meta":{"footnotes":""},"categories":[1],"tags":[52,222,157,158,159,280,160,161],"class_list":["post-821","post","type-post","status-publish","format-standard","hentry","category-uncategorized","tag-ceremonias","tag-derechos-de-las-ninas-y-los-ninos","tag-foro-globalizacion-y-derechos-del-nino","tag-guanajuato","tag-inauguracion","tag-ninos","tag-pdheg","tag-red-estatal-de-organismos-a-favor-de-la-infancia"],"_links":{"self":[{"href":"https:\/\/www.dhnet.org.mx\/archivo\/wp-json\/wp\/v2\/posts\/821","targetHints":{"allow":["GET"]}}],"collection":[{"href":"https:\/\/www.dhnet.org.mx\/archivo\/wp-json\/wp\/v2\/posts"}],"about":[{"href":"https:\/\/www.dhnet.org.mx\/archivo\/wp-json\/wp\/v2\/types\/post"}],"author":[{"embeddable":true,"href":"https:\/\/www.dhnet.org.mx\/archivo\/wp-json\/wp\/v2\/users\/1"}],"replies":[{"embeddable":true,"href":"https:\/\/www.dhnet.org.mx\/archivo\/wp-json\/wp\/v2\/comments?post=821"}],"version-history":[{"count":15,"href":"https:\/\/www.dhnet.org.mx\/archivo\/wp-json\/wp\/v2\/posts\/821\/revisions"}],"predecessor-version":[{"id":1765,"href":"https:\/\/www.dhnet.org.mx\/archivo\/wp-json\/wp\/v2\/posts\/821\/revisions\/1765"}],"wp:attachment":[{"href":"https:\/\/www.dhnet.org.mx\/archivo\/wp-json\/wp\/v2\/media?parent=821"}],"wp:term":[{"taxonomy":"category","embeddable":true,"href":"https:\/\/www.dhnet.org.mx\/archivo\/wp-json\/wp\/v2\/categories?post=821"},{"taxonomy":"post_tag","embeddable":true,"href":"https:\/\/www.dhnet.org.mx\/archivo\/wp-json\/wp\/v2\/tags?post=821"}],"curies":[{"name":"wp","href":"https:\/\/api.w.org\/{rel}","templated":true}]}}