{"id":793,"date":"2010-09-26T14:15:36","date_gmt":"2010-09-26T19:15:36","guid":{"rendered":"http:\/\/www.dhnet.org.mx\/archivo\/?p=793"},"modified":"2016-06-14T14:08:15","modified_gmt":"2016-06-14T19:08:15","slug":"criterio-de-la-corte-interamericana-de-derechos-humanos-en-cuanto-a-la-obligacion-de-los-estados-de-proteger-y-tutelar-a-la-ninez","status":"publish","type":"post","link":"https:\/\/www.dhnet.org.mx\/archivo\/criterio-de-la-corte-interamericana-de-derechos-humanos-en-cuanto-a-la-obligacion-de-los-estados-de-proteger-y-tutelar-a-la-ninez\/","title":{"rendered":"Criterio de la Corte Interamericana de Derechos Humanos en cuanto a la obligaci\u00f3n de los Estados de proteger y tutelar a la ni\u00f1ez"},"content":{"rendered":"<p><strong>XV Congreso Nacional sobre Menores Infractores<\/strong><\/p>\n<p><em>\u201cJusticia para Adolescentes\u201d<\/em><\/p>\n<p>\u201cLa especializaci\u00f3n en el Sistema Integral de Justicia para Menores de edad que infrigen la Ley Penal.\u201c<\/p>\n<p><strong>Tema:<\/strong> Criterio de la Corte Interamericana de Derechos Humanos en cuanto a la obligaci\u00f3n de los Estados de proteger y tutelar a la ni\u00f1ez.<\/p>\n<p><strong>Conferencista:<\/strong> Dr. Sergio Garc\u00eda Ram\u00edrez<\/p>\n<p><strong>Duraci\u00f3n:<\/strong> 1:14hr<\/p>\n<p>[flowplayer src=\u00bbhttp:\/\/www.dhnet.org.mx\/videos\/conferencias\/2010-09-24-sergiogarcia.flv\u00bb width=\u00bb540&#8243; height=\u00bb360&#8243; splash=\u00bbhttp:\/\/www.dhnet.org.mx\/archivo\/wp-content\/uploads\/2011\/01\/sergiogarcia.jpg\u00bb]<\/p>\n","protected":false},"excerpt":{"rendered":"<p>XV Congreso Nacional sobre Menores Infractores \u201cJusticia para Adolescentes\u201d \u201cLa especializaci\u00f3n en el Sistema Integral de Justicia para Menores de edad que infrigen la Ley Penal.\u201c Tema: Criterio de la Corte Interamericana de Derechos Humanos en cuanto a la obligaci\u00f3n de los Estados de proteger y tutelar a la ni\u00f1ez. Conferencista: Dr. Sergio Garc\u00eda Ram\u00edrez [&hellip;]<\/p>\n","protected":false},"author":1,"featured_media":794,"comment_status":"closed","ping_status":"open","sticky":false,"template":"","format":"standard","meta":{"footnotes":""},"categories":[1],"tags":[74,5,454,151,453,315,152,419],"class_list":["post-793","post","type-post","status-publish","format-standard","has-post-thumbnail","hentry","category-uncategorized","tag-adolescentes","tag-chihuahua","tag-corte","tag-dr-sergio-garcia-ramirez","tag-infractores","tag-justicia","tag-justicia-para-adolescentes","tag-ninez"],"_links":{"self":[{"href":"https:\/\/www.dhnet.org.mx\/archivo\/wp-json\/wp\/v2\/posts\/793","targetHints":{"allow":["GET"]}}],"collection":[{"href":"https:\/\/www.dhnet.org.mx\/archivo\/wp-json\/wp\/v2\/posts"}],"about":[{"href":"https:\/\/www.dhnet.org.mx\/archivo\/wp-json\/wp\/v2\/types\/post"}],"author":[{"embeddable":true,"href":"https:\/\/www.dhnet.org.mx\/archivo\/wp-json\/wp\/v2\/users\/1"}],"replies":[{"embeddable":true,"href":"https:\/\/www.dhnet.org.mx\/archivo\/wp-json\/wp\/v2\/comments?post=793"}],"version-history":[{"count":6,"href":"https:\/\/www.dhnet.org.mx\/archivo\/wp-json\/wp\/v2\/posts\/793\/revisions"}],"predecessor-version":[{"id":4448,"href":"https:\/\/www.dhnet.org.mx\/archivo\/wp-json\/wp\/v2\/posts\/793\/revisions\/4448"}],"wp:featuredmedia":[{"embeddable":true,"href":"https:\/\/www.dhnet.org.mx\/archivo\/wp-json\/wp\/v2\/media\/794"}],"wp:attachment":[{"href":"https:\/\/www.dhnet.org.mx\/archivo\/wp-json\/wp\/v2\/media?parent=793"}],"wp:term":[{"taxonomy":"category","embeddable":true,"href":"https:\/\/www.dhnet.org.mx\/archivo\/wp-json\/wp\/v2\/categories?post=793"},{"taxonomy":"post_tag","embeddable":true,"href":"https:\/\/www.dhnet.org.mx\/archivo\/wp-json\/wp\/v2\/tags?post=793"}],"curies":[{"name":"wp","href":"https:\/\/api.w.org\/{rel}","templated":true}]}}