{"id":7861,"date":"2017-04-02T12:18:31","date_gmt":"2017-04-02T17:18:31","guid":{"rendered":"http:\/\/www.dhnet.org.mx\/archivo\/?p=7861"},"modified":"2017-05-24T10:40:16","modified_gmt":"2017-05-24T15:40:16","slug":"dia-mundial-de-concienciacion-sobre-el-autismo-2-de-abril","status":"publish","type":"post","link":"https:\/\/www.dhnet.org.mx\/archivo\/dia-mundial-de-concienciacion-sobre-el-autismo-2-de-abril\/","title":{"rendered":"D\u00eda Mundial de Concienciaci\u00f3n sobre el Autismo &#8211; 2 de Abril"},"content":{"rendered":"<p>Con el objetivo de conmemorar el D\u00eda Mundial de Concienciaci\u00f3n sobre el Autismo, la Organizaci\u00f3n de las Naciones Unidas estableci\u00f3 el 2 de abril como fecha propicia para promover y reconocer los derechos de las personas que viven con esta afecci\u00f3n. Este 2017 el lema es: \u201cHacia la autonom\u00eda y la autodeterminaci\u00f3n\u201d.<\/p>\n<p>En este sentido la Convenci\u00f3n sobre los Derechos de las Personas con Discapacidad reconoce en su art\u00edculo 3\u00b0, el derecho a la autonom\u00eda individual y la independencia de las personas. Adem\u00e1s, en el art\u00edculo 12\u00b0, la Convenci\u00f3n subraya que tienen \u00abcapacidad jur\u00eddica en igualdad de condiciones con las dem\u00e1s en todos los aspectos de la vida\u00bb.<\/p>\n<p><iframe title=\"D\u00eda Mundial de Concienciaci\u00f3n sobre el Autismo - 2 de Abril\" width=\"800\" height=\"450\" src=\"https:\/\/www.youtube.com\/embed\/lygmCldNNSA?feature=oembed\" frameborder=\"0\" allow=\"accelerometer; autoplay; clipboard-write; encrypted-media; gyroscope; picture-in-picture; web-share\" referrerpolicy=\"strict-origin-when-cross-origin\" allowfullscreen><\/iframe><\/p>\n","protected":false},"excerpt":{"rendered":"<p>Con el objetivo de conmemorar el D\u00eda Mundial de Concienciaci\u00f3n sobre el Autismo, la Organizaci\u00f3n de las Naciones Unidas estableci\u00f3 el 2 de abril como fecha propicia para promover y reconocer los derechos de las personas que viven con esta afecci\u00f3n. Este 2017 el lema es: \u201cHacia la autonom\u00eda y la autodeterminaci\u00f3n\u201d. En este sentido [&hellip;]<\/p>\n","protected":false},"author":1,"featured_media":7862,"comment_status":"closed","ping_status":"closed","sticky":false,"template":"","format":"video","meta":{"footnotes":""},"categories":[880],"tags":[828],"class_list":["post-7861","post","type-post","status-publish","format-video","has-post-thumbnail","hentry","category-actividades-y-eventos","tag-conmemoraciones-y-enfoques","post_format-video"],"_links":{"self":[{"href":"https:\/\/www.dhnet.org.mx\/archivo\/wp-json\/wp\/v2\/posts\/7861","targetHints":{"allow":["GET"]}}],"collection":[{"href":"https:\/\/www.dhnet.org.mx\/archivo\/wp-json\/wp\/v2\/posts"}],"about":[{"href":"https:\/\/www.dhnet.org.mx\/archivo\/wp-json\/wp\/v2\/types\/post"}],"author":[{"embeddable":true,"href":"https:\/\/www.dhnet.org.mx\/archivo\/wp-json\/wp\/v2\/users\/1"}],"replies":[{"embeddable":true,"href":"https:\/\/www.dhnet.org.mx\/archivo\/wp-json\/wp\/v2\/comments?post=7861"}],"version-history":[{"count":1,"href":"https:\/\/www.dhnet.org.mx\/archivo\/wp-json\/wp\/v2\/posts\/7861\/revisions"}],"predecessor-version":[{"id":7863,"href":"https:\/\/www.dhnet.org.mx\/archivo\/wp-json\/wp\/v2\/posts\/7861\/revisions\/7863"}],"wp:featuredmedia":[{"embeddable":true,"href":"https:\/\/www.dhnet.org.mx\/archivo\/wp-json\/wp\/v2\/media\/7862"}],"wp:attachment":[{"href":"https:\/\/www.dhnet.org.mx\/archivo\/wp-json\/wp\/v2\/media?parent=7861"}],"wp:term":[{"taxonomy":"category","embeddable":true,"href":"https:\/\/www.dhnet.org.mx\/archivo\/wp-json\/wp\/v2\/categories?post=7861"},{"taxonomy":"post_tag","embeddable":true,"href":"https:\/\/www.dhnet.org.mx\/archivo\/wp-json\/wp\/v2\/tags?post=7861"}],"curies":[{"name":"wp","href":"https:\/\/api.w.org\/{rel}","templated":true}]}}