{"id":690,"date":"2010-10-25T12:55:43","date_gmt":"2010-10-25T17:55:43","guid":{"rendered":"http:\/\/www.dhnet.org.mx\/archivo\/?p=690"},"modified":"2017-05-18T15:23:33","modified_gmt":"2017-05-18T20:23:33","slug":"convenio-169-y-declaracion-universal-de-los-derechos-indigenas-de-la-onu","status":"publish","type":"post","link":"https:\/\/www.dhnet.org.mx\/archivo\/convenio-169-y-declaracion-universal-de-los-derechos-indigenas-de-la-onu\/","title":{"rendered":"Convenio 169 y Declaraci\u00f3n Universal de los Derechos Ind\u00edgenas de la ONU"},"content":{"rendered":"<p><strong>I Foro Panel de Salud Sexual y Reproductiva de las Comunidades Ind\u00edgenas.<\/strong><\/p>\n<p>Tema: Convenio 169 y Declaraci\u00f3n Universal de los Derechos Ind\u00edgenas de la ONU.<\/p>\n<p>Expositor: Lic. Jos\u00e9 Luis Armend\u00e1riz Gonz\u00e1lez<\/p>\n<p>Duraci\u00f3n: 20min.<\/p>\n<p>[flowplayer src=\u00bbhttp:\/\/www.dhnet.org.mx\/videos\/conferencias\/2010-10-saludindigena\/01-armendariz.flv\u00bb width=\u00bb540&#8243; height=\u00bb360&#8243; splash=\u00bbhttp:\/\/www.dhnet.org.mx\/archivo\/wp-content\/uploads\/2010\/11\/01-Armendariz.jpg\u00bb]<\/p>\n","protected":false},"excerpt":{"rendered":"<p>I Foro Panel de Salud Sexual y Reproductiva de las Comunidades Ind\u00edgenas. Tema: Convenio 169 y Declaraci\u00f3n Universal de los Derechos Ind\u00edgenas de la ONU. Expositor: Lic. Jos\u00e9 Luis Armend\u00e1riz Gonz\u00e1lez Duraci\u00f3n: 20min. [flowplayer src=\u00bbhttp:\/\/www.dhnet.org.mx\/videos\/conferencias\/2010-10-saludindigena\/01-armendariz.flv\u00bb width=\u00bb540&#8243; height=\u00bb360&#8243; splash=\u00bbhttp:\/\/www.dhnet.org.mx\/archivo\/wp-content\/uploads\/2010\/11\/01-Armendariz.jpg\u00bb]<\/p>\n","protected":false},"author":1,"featured_media":691,"comment_status":"closed","ping_status":"open","sticky":false,"template":"","format":"standard","meta":{"footnotes":""},"categories":[879],"tags":[5,478,129,39,477],"class_list":["post-690","post","type-post","status-publish","format-standard","has-post-thumbnail","hentry","category-conferencias-y-seminarios","tag-chihuahua","tag-derechos-de-los-indigenas","tag-i-foro-panel-salud-sexual-y-reproductiva-de-las-comunidades-indigenas","tag-jose-luis-armendariz","tag-reproductiva"],"_links":{"self":[{"href":"https:\/\/www.dhnet.org.mx\/archivo\/wp-json\/wp\/v2\/posts\/690","targetHints":{"allow":["GET"]}}],"collection":[{"href":"https:\/\/www.dhnet.org.mx\/archivo\/wp-json\/wp\/v2\/posts"}],"about":[{"href":"https:\/\/www.dhnet.org.mx\/archivo\/wp-json\/wp\/v2\/types\/post"}],"author":[{"embeddable":true,"href":"https:\/\/www.dhnet.org.mx\/archivo\/wp-json\/wp\/v2\/users\/1"}],"replies":[{"embeddable":true,"href":"https:\/\/www.dhnet.org.mx\/archivo\/wp-json\/wp\/v2\/comments?post=690"}],"version-history":[{"count":10,"href":"https:\/\/www.dhnet.org.mx\/archivo\/wp-json\/wp\/v2\/posts\/690\/revisions"}],"predecessor-version":[{"id":5320,"href":"https:\/\/www.dhnet.org.mx\/archivo\/wp-json\/wp\/v2\/posts\/690\/revisions\/5320"}],"wp:featuredmedia":[{"embeddable":true,"href":"https:\/\/www.dhnet.org.mx\/archivo\/wp-json\/wp\/v2\/media\/691"}],"wp:attachment":[{"href":"https:\/\/www.dhnet.org.mx\/archivo\/wp-json\/wp\/v2\/media?parent=690"}],"wp:term":[{"taxonomy":"category","embeddable":true,"href":"https:\/\/www.dhnet.org.mx\/archivo\/wp-json\/wp\/v2\/categories?post=690"},{"taxonomy":"post_tag","embeddable":true,"href":"https:\/\/www.dhnet.org.mx\/archivo\/wp-json\/wp\/v2\/tags?post=690"}],"curies":[{"name":"wp","href":"https:\/\/api.w.org\/{rel}","templated":true}]}}