{"id":6358,"date":"2017-03-08T10:37:24","date_gmt":"2017-03-08T16:37:24","guid":{"rendered":"http:\/\/www.dhnet.org.mx\/archivo\/?p=6358"},"modified":"2017-05-24T10:39:52","modified_gmt":"2017-05-24T15:39:52","slug":"dia-internacional-de-la-mujer-8-de-marzo-2","status":"publish","type":"post","link":"https:\/\/www.dhnet.org.mx\/archivo\/dia-internacional-de-la-mujer-8-de-marzo-2\/","title":{"rendered":"D\u00eda Internacional de la Mujer &#8211; 8 de Marzo"},"content":{"rendered":"<p>Cada 8 de marzo conmemoramos el D\u00eda Internacional de la Mujer, con la firme intenci\u00f3n de buscar para todas un mundo m\u00e1s justo e igualitario.<\/p>\n<p>Este a\u00f1o para la  Organizaci\u00f3n de las Naciones Unidas el tema es: \u201cLas mujeres en un mundo laboral en transformaci\u00f3n: hacia un planeta 50-50 en 2030\u201d, respaldado en el Objetivo 5 de la Agenda 2030 para el Desarrollo Sostenible, que busca poner fin a todas las formas de discriminaci\u00f3n contra las mujeres y ni\u00f1as para acelerar el desarrollo sostenible.<\/p>\n<p><iframe title=\"D\u00eda Internacional de la Mujer - 8 de Marzo\" width=\"800\" height=\"450\" src=\"https:\/\/www.youtube.com\/embed\/LhkGovN5PJs?feature=oembed\" frameborder=\"0\" allow=\"accelerometer; autoplay; clipboard-write; encrypted-media; gyroscope; picture-in-picture; web-share\" referrerpolicy=\"strict-origin-when-cross-origin\" allowfullscreen><\/iframe><\/p>\n","protected":false},"excerpt":{"rendered":"<p>Cada 8 de marzo conmemoramos el D\u00eda Internacional de la Mujer, con la firme intenci\u00f3n de buscar para todas un mundo m\u00e1s justo e igualitario. Este a\u00f1o para la Organizaci\u00f3n de las Naciones Unidas el tema es: \u201cLas mujeres en un mundo laboral en transformaci\u00f3n: hacia un planeta 50-50 en 2030\u201d, respaldado en el Objetivo [&hellip;]<\/p>\n","protected":false},"author":1,"featured_media":6359,"comment_status":"closed","ping_status":"closed","sticky":false,"template":"","format":"standard","meta":{"footnotes":""},"categories":[880,877],"tags":[828,797,830,39],"class_list":["post-6358","post","type-post","status-publish","format-standard","has-post-thumbnail","hentry","category-actividades-y-eventos","category-igualdad","tag-conmemoraciones-y-enfoques","tag-derechos-humanos","tag-dia-internacional-de-la-mujer","tag-jose-luis-armendariz"],"_links":{"self":[{"href":"https:\/\/www.dhnet.org.mx\/archivo\/wp-json\/wp\/v2\/posts\/6358","targetHints":{"allow":["GET"]}}],"collection":[{"href":"https:\/\/www.dhnet.org.mx\/archivo\/wp-json\/wp\/v2\/posts"}],"about":[{"href":"https:\/\/www.dhnet.org.mx\/archivo\/wp-json\/wp\/v2\/types\/post"}],"author":[{"embeddable":true,"href":"https:\/\/www.dhnet.org.mx\/archivo\/wp-json\/wp\/v2\/users\/1"}],"replies":[{"embeddable":true,"href":"https:\/\/www.dhnet.org.mx\/archivo\/wp-json\/wp\/v2\/comments?post=6358"}],"version-history":[{"count":1,"href":"https:\/\/www.dhnet.org.mx\/archivo\/wp-json\/wp\/v2\/posts\/6358\/revisions"}],"predecessor-version":[{"id":6360,"href":"https:\/\/www.dhnet.org.mx\/archivo\/wp-json\/wp\/v2\/posts\/6358\/revisions\/6360"}],"wp:featuredmedia":[{"embeddable":true,"href":"https:\/\/www.dhnet.org.mx\/archivo\/wp-json\/wp\/v2\/media\/6359"}],"wp:attachment":[{"href":"https:\/\/www.dhnet.org.mx\/archivo\/wp-json\/wp\/v2\/media?parent=6358"}],"wp:term":[{"taxonomy":"category","embeddable":true,"href":"https:\/\/www.dhnet.org.mx\/archivo\/wp-json\/wp\/v2\/categories?post=6358"},{"taxonomy":"post_tag","embeddable":true,"href":"https:\/\/www.dhnet.org.mx\/archivo\/wp-json\/wp\/v2\/tags?post=6358"}],"curies":[{"name":"wp","href":"https:\/\/api.w.org\/{rel}","templated":true}]}}