{"id":6355,"date":"2017-03-21T10:35:47","date_gmt":"2017-03-21T16:35:47","guid":{"rendered":"http:\/\/www.dhnet.org.mx\/archivo\/?p=6355"},"modified":"2017-05-24T10:40:28","modified_gmt":"2017-05-24T15:40:28","slug":"dia-internacional-de-la-eliminacion-de-la-discriminacion-racial-21-de-marzo","status":"publish","type":"post","link":"https:\/\/www.dhnet.org.mx\/archivo\/dia-internacional-de-la-eliminacion-de-la-discriminacion-racial-21-de-marzo\/","title":{"rendered":"D\u00eda Internacional de la Eliminaci\u00f3n de la Discriminaci\u00f3n Racial &#8211; 21 de Marzo"},"content":{"rendered":"<p>21 marzo <strong>D\u00eda Internacional de la Eliminaci\u00f3n de la Discriminaci\u00f3n Racial<\/strong>.<\/p>\n<p>Con motivo del 21 de marzo damos la bienvenida a la primavera y recordamos que un d\u00eda como hoy naci\u00f3 el abogado de origen ind\u00edgena, Benito Pablo Ju\u00e1rez Garc\u00eda, quien fue presidente de M\u00e9xico en una \u00e9poca de suma importancia para la consolidaci\u00f3n de la naci\u00f3n como rep\u00fablica.<\/p>\n<p>Dentro del \u00e1mbito internacional, hoy se conmemora el D\u00eda Internacional de la Eliminaci\u00f3n de la Discriminaci\u00f3n Racial, establecido por la Organizaci\u00f3n de las Naciones Unidas, el cual propone el combate a las manifestaciones y actos de racismo, discriminaci\u00f3n racial y xenofobia, principalmente.<\/p>\n<p><iframe title=\"D\u00eda Internacional de la Eliminaci\u00f3n de la Discriminaci\u00f3n Racial - 21 de Marzo\" width=\"800\" height=\"450\" src=\"https:\/\/www.youtube.com\/embed\/PDWoXf7LKZE?feature=oembed\" frameborder=\"0\" allow=\"accelerometer; autoplay; clipboard-write; encrypted-media; gyroscope; picture-in-picture; web-share\" referrerpolicy=\"strict-origin-when-cross-origin\" allowfullscreen><\/iframe><\/p>\n","protected":false},"excerpt":{"rendered":"<p>21 marzo D\u00eda Internacional de la Eliminaci\u00f3n de la Discriminaci\u00f3n Racial. Con motivo del 21 de marzo damos la bienvenida a la primavera y recordamos que un d\u00eda como hoy naci\u00f3 el abogado de origen ind\u00edgena, Benito Pablo Ju\u00e1rez Garc\u00eda, quien fue presidente de M\u00e9xico en una \u00e9poca de suma importancia para la consolidaci\u00f3n de [&hellip;]<\/p>\n","protected":false},"author":1,"featured_media":6356,"comment_status":"closed","ping_status":"closed","sticky":false,"template":"","format":"video","meta":{"footnotes":""},"categories":[880],"tags":[828,797,874,39],"class_list":["post-6355","post","type-post","status-publish","format-video","has-post-thumbnail","hentry","category-actividades-y-eventos","tag-conmemoraciones-y-enfoques","tag-derechos-humanos","tag-dia-internacional-de-la-eliminacion-de-la-discriminacion-racial","tag-jose-luis-armendariz","post_format-video"],"_links":{"self":[{"href":"https:\/\/www.dhnet.org.mx\/archivo\/wp-json\/wp\/v2\/posts\/6355","targetHints":{"allow":["GET"]}}],"collection":[{"href":"https:\/\/www.dhnet.org.mx\/archivo\/wp-json\/wp\/v2\/posts"}],"about":[{"href":"https:\/\/www.dhnet.org.mx\/archivo\/wp-json\/wp\/v2\/types\/post"}],"author":[{"embeddable":true,"href":"https:\/\/www.dhnet.org.mx\/archivo\/wp-json\/wp\/v2\/users\/1"}],"replies":[{"embeddable":true,"href":"https:\/\/www.dhnet.org.mx\/archivo\/wp-json\/wp\/v2\/comments?post=6355"}],"version-history":[{"count":1,"href":"https:\/\/www.dhnet.org.mx\/archivo\/wp-json\/wp\/v2\/posts\/6355\/revisions"}],"predecessor-version":[{"id":6357,"href":"https:\/\/www.dhnet.org.mx\/archivo\/wp-json\/wp\/v2\/posts\/6355\/revisions\/6357"}],"wp:featuredmedia":[{"embeddable":true,"href":"https:\/\/www.dhnet.org.mx\/archivo\/wp-json\/wp\/v2\/media\/6356"}],"wp:attachment":[{"href":"https:\/\/www.dhnet.org.mx\/archivo\/wp-json\/wp\/v2\/media?parent=6355"}],"wp:term":[{"taxonomy":"category","embeddable":true,"href":"https:\/\/www.dhnet.org.mx\/archivo\/wp-json\/wp\/v2\/categories?post=6355"},{"taxonomy":"post_tag","embeddable":true,"href":"https:\/\/www.dhnet.org.mx\/archivo\/wp-json\/wp\/v2\/tags?post=6355"}],"curies":[{"name":"wp","href":"https:\/\/api.w.org\/{rel}","templated":true}]}}