{"id":556,"date":"2009-09-24T10:34:42","date_gmt":"2009-09-24T15:34:42","guid":{"rendered":"http:\/\/www.dhnet.org.mx\/archivo\/?p=556"},"modified":"2017-05-18T13:42:49","modified_gmt":"2017-05-18T18:42:49","slug":"gestion-para-la-resolucion-de-conflictos-en-la-escuela","status":"publish","type":"post","link":"https:\/\/www.dhnet.org.mx\/archivo\/gestion-para-la-resolucion-de-conflictos-en-la-escuela\/","title":{"rendered":"Gesti\u00f3n para la Resoluci\u00f3n de Conflictos en la Escuela"},"content":{"rendered":"<p><strong>Expositor:<\/strong> Maestra Ana Prawda.<br \/>\nDocente, psicopedagoga, especialista en mediaci\u00f3n Escolar y en Gesti\u00f3n Educativa.<\/p>\n<p>Es docente de de la Direcci\u00f3n de Carrera Docente y Postgrado en la Facultad de Derecho en la Universidad de Buenos Aires. Trabaja como coordinadora docente e integra la Comisi\u00f3n de Reforma Curricular de la Carrera de Medicina; es docente de postgrado de la Universidad Nacional de Lomas de Zamora y de la Universidad Nacional de San Mart\u00edn.<\/p>\n<p><strong>Tema:<\/strong> Gesti\u00f3n para la Resoluci\u00f2n de Conflictos en la Escuela<\/p>\n<p><strong>Duraci\u00f3n:<\/strong> 1:44hr<\/p>\n<p>[flowplayer src=\u00bbhttp:\/\/www.dhnet.org.mx\/videos\/conferencias\/091024_anaprawda.flv\u00bb width=\u00bb540&#8243; height=\u00bb360&#8243; splash=\u00bbhttp:\/\/www.dhnet.org.mx\/archivo\/wp-content\/uploads\/2010\/08\/screen-anaprawda.jpg\u00bb]<\/p>\n","protected":false},"excerpt":{"rendered":"<p>Expositor: Maestra Ana Prawda. Docente, psicopedagoga, especialista en mediaci\u00f3n Escolar y en Gesti\u00f3n Educativa. Es docente de de la Direcci\u00f3n de Carrera Docente y Postgrado en la Facultad de Derecho en la Universidad de Buenos Aires. Trabaja como coordinadora docente e integra la Comisi\u00f3n de Reforma Curricular de la Carrera de Medicina; es docente de [&hellip;]<\/p>\n","protected":false},"author":1,"featured_media":557,"comment_status":"closed","ping_status":"open","sticky":false,"template":"","format":"standard","meta":{"footnotes":""},"categories":[879],"tags":[116,5,293,344,341,343,342,25],"class_list":["post-556","post","type-post","status-publish","format-standard","has-post-thumbnail","hentry","category-conferencias-y-seminarios","tag-ana-prawda","tag-chihuahua","tag-conflictos","tag-docente","tag-escuela","tag-gestion-educativa","tag-resolucion","tag-resolucion-de-conflictos"],"_links":{"self":[{"href":"https:\/\/www.dhnet.org.mx\/archivo\/wp-json\/wp\/v2\/posts\/556","targetHints":{"allow":["GET"]}}],"collection":[{"href":"https:\/\/www.dhnet.org.mx\/archivo\/wp-json\/wp\/v2\/posts"}],"about":[{"href":"https:\/\/www.dhnet.org.mx\/archivo\/wp-json\/wp\/v2\/types\/post"}],"author":[{"embeddable":true,"href":"https:\/\/www.dhnet.org.mx\/archivo\/wp-json\/wp\/v2\/users\/1"}],"replies":[{"embeddable":true,"href":"https:\/\/www.dhnet.org.mx\/archivo\/wp-json\/wp\/v2\/comments?post=556"}],"version-history":[{"count":7,"href":"https:\/\/www.dhnet.org.mx\/archivo\/wp-json\/wp\/v2\/posts\/556\/revisions"}],"predecessor-version":[{"id":4342,"href":"https:\/\/www.dhnet.org.mx\/archivo\/wp-json\/wp\/v2\/posts\/556\/revisions\/4342"}],"wp:featuredmedia":[{"embeddable":true,"href":"https:\/\/www.dhnet.org.mx\/archivo\/wp-json\/wp\/v2\/media\/557"}],"wp:attachment":[{"href":"https:\/\/www.dhnet.org.mx\/archivo\/wp-json\/wp\/v2\/media?parent=556"}],"wp:term":[{"taxonomy":"category","embeddable":true,"href":"https:\/\/www.dhnet.org.mx\/archivo\/wp-json\/wp\/v2\/categories?post=556"},{"taxonomy":"post_tag","embeddable":true,"href":"https:\/\/www.dhnet.org.mx\/archivo\/wp-json\/wp\/v2\/tags?post=556"}],"curies":[{"name":"wp","href":"https:\/\/api.w.org\/{rel}","templated":true}]}}