{"id":5289,"date":"2016-09-15T11:25:07","date_gmt":"2016-09-15T16:25:07","guid":{"rendered":"http:\/\/www.dhnet.org.mx\/archivo\/?p=5289"},"modified":"2017-05-24T11:54:56","modified_gmt":"2017-05-24T16:54:56","slug":"dia-internacional-de-la-democracia-15-de-septiembre","status":"publish","type":"post","link":"https:\/\/www.dhnet.org.mx\/archivo\/dia-internacional-de-la-democracia-15-de-septiembre\/","title":{"rendered":"D\u00eda Internacional de la Democracia &#8211; 15 de Septiembre"},"content":{"rendered":"<p>El D\u00eda Internacional de la Democracia proporciona una oportunidad de examinar el estado de la democracia en el mundo. La democracia es tanto un proceso como una meta, y s\u00f3lo con la plena participaci\u00f3n y el apoyo de la comunidad internacional, los \u00f3rganos nacionales de gobierno, la sociedad civil y los individuos puede el ideal de democracia tornarse en realidad para ser disfrutado por todos, en todos lados.<\/p>\n<p><iframe title=\"D\u00eda Internacional de la Democracia (15 de septiembre)\" width=\"800\" height=\"450\" src=\"https:\/\/www.youtube.com\/embed\/uFOahM56xbU?feature=oembed\" frameborder=\"0\" allow=\"accelerometer; autoplay; clipboard-write; encrypted-media; gyroscope; picture-in-picture; web-share\" referrerpolicy=\"strict-origin-when-cross-origin\" allowfullscreen><\/iframe><\/p>\n","protected":false},"excerpt":{"rendered":"<p>El D\u00eda Internacional de la Democracia proporciona una oportunidad de examinar el estado de la democracia en el mundo. La democracia es tanto un proceso como una meta, y s\u00f3lo con la plena participaci\u00f3n y el apoyo de la comunidad internacional, los \u00f3rganos nacionales de gobierno, la sociedad civil y los individuos puede el ideal [&hellip;]<\/p>\n","protected":false},"author":1,"featured_media":5290,"comment_status":"closed","ping_status":"closed","sticky":false,"template":"","format":"standard","meta":{"footnotes":""},"categories":[880],"tags":[828,313,861,208],"class_list":["post-5289","post","type-post","status-publish","format-standard","has-post-thumbnail","hentry","category-actividades-y-eventos","tag-conmemoraciones-y-enfoques","tag-democracia","tag-dia-internacional-de-la-democracia","tag-lic-jose-luis-armendariz"],"_links":{"self":[{"href":"https:\/\/www.dhnet.org.mx\/archivo\/wp-json\/wp\/v2\/posts\/5289","targetHints":{"allow":["GET"]}}],"collection":[{"href":"https:\/\/www.dhnet.org.mx\/archivo\/wp-json\/wp\/v2\/posts"}],"about":[{"href":"https:\/\/www.dhnet.org.mx\/archivo\/wp-json\/wp\/v2\/types\/post"}],"author":[{"embeddable":true,"href":"https:\/\/www.dhnet.org.mx\/archivo\/wp-json\/wp\/v2\/users\/1"}],"replies":[{"embeddable":true,"href":"https:\/\/www.dhnet.org.mx\/archivo\/wp-json\/wp\/v2\/comments?post=5289"}],"version-history":[{"count":1,"href":"https:\/\/www.dhnet.org.mx\/archivo\/wp-json\/wp\/v2\/posts\/5289\/revisions"}],"predecessor-version":[{"id":5291,"href":"https:\/\/www.dhnet.org.mx\/archivo\/wp-json\/wp\/v2\/posts\/5289\/revisions\/5291"}],"wp:featuredmedia":[{"embeddable":true,"href":"https:\/\/www.dhnet.org.mx\/archivo\/wp-json\/wp\/v2\/media\/5290"}],"wp:attachment":[{"href":"https:\/\/www.dhnet.org.mx\/archivo\/wp-json\/wp\/v2\/media?parent=5289"}],"wp:term":[{"taxonomy":"category","embeddable":true,"href":"https:\/\/www.dhnet.org.mx\/archivo\/wp-json\/wp\/v2\/categories?post=5289"},{"taxonomy":"post_tag","embeddable":true,"href":"https:\/\/www.dhnet.org.mx\/archivo\/wp-json\/wp\/v2\/tags?post=5289"}],"curies":[{"name":"wp","href":"https:\/\/api.w.org\/{rel}","templated":true}]}}