{"id":4925,"date":"2016-06-12T13:40:09","date_gmt":"2016-06-12T18:40:09","guid":{"rendered":"http:\/\/www.dhnet.org.mx\/archivo\/?p=4925"},"modified":"2017-05-24T10:39:52","modified_gmt":"2017-05-24T15:39:52","slug":"dia-int-contra-el-trabajo-infantil-12-de-junio","status":"publish","type":"post","link":"https:\/\/www.dhnet.org.mx\/archivo\/dia-int-contra-el-trabajo-infantil-12-de-junio\/","title":{"rendered":"D\u00eda Internacional contra el Trabajo Infantil &#8211; 12 de Junio"},"content":{"rendered":"<p><iframe title=\"D\u00eda Mundial contra el Trabajo Infantil (12 de junio)\" width=\"800\" height=\"450\" src=\"https:\/\/www.youtube.com\/embed\/IiY9Q6rZ6Rw?feature=oembed\" frameborder=\"0\" allow=\"accelerometer; autoplay; clipboard-write; encrypted-media; gyroscope; picture-in-picture; web-share\" referrerpolicy=\"strict-origin-when-cross-origin\" allowfullscreen><\/iframe><\/p>\n<p>En 2002, la Organizaci\u00f3n Internacional del Trabajo (OIT) declar\u00f3 el 12 de junio como D\u00eda Internacional contra el Trabajo Infantil, con el prop\u00f3sito de dar a conocer el alcance del problema y promover iniciativas para resolverlo, con la participaci\u00f3n de los gobiernos, las empresas, los sindicatos y la sociedad civil.<\/p>\n<p>En este sentido la Comisi\u00f3n Estatal de los Derechos Humanos de Chihuahua, emite los puntos recomendatorios descritos en este video.<\/p>\n","protected":false},"excerpt":{"rendered":"<p>En 2002, la Organizaci\u00f3n Internacional del Trabajo (OIT) declar\u00f3 el 12 de junio como D\u00eda Internacional contra el Trabajo Infantil, con el prop\u00f3sito de dar a conocer el alcance del problema y promover iniciativas para resolverlo, con la participaci\u00f3n de los gobiernos, las empresas, los sindicatos y la sociedad civil. En este sentido la Comisi\u00f3n [&hellip;]<\/p>\n","protected":false},"author":4,"featured_media":4926,"comment_status":"closed","ping_status":"closed","sticky":false,"template":"","format":"standard","meta":{"footnotes":""},"categories":[880,877],"tags":[706,852,39,850],"class_list":["post-4925","post","type-post","status-publish","format-standard","has-post-thumbnail","hentry","category-actividades-y-eventos","category-igualdad","tag-capsula","tag-dia-internacional-contra-el-trabajo-infantil","tag-jose-luis-armendariz","tag-trabajo-infantil"],"_links":{"self":[{"href":"https:\/\/www.dhnet.org.mx\/archivo\/wp-json\/wp\/v2\/posts\/4925","targetHints":{"allow":["GET"]}}],"collection":[{"href":"https:\/\/www.dhnet.org.mx\/archivo\/wp-json\/wp\/v2\/posts"}],"about":[{"href":"https:\/\/www.dhnet.org.mx\/archivo\/wp-json\/wp\/v2\/types\/post"}],"author":[{"embeddable":true,"href":"https:\/\/www.dhnet.org.mx\/archivo\/wp-json\/wp\/v2\/users\/4"}],"replies":[{"embeddable":true,"href":"https:\/\/www.dhnet.org.mx\/archivo\/wp-json\/wp\/v2\/comments?post=4925"}],"version-history":[{"count":3,"href":"https:\/\/www.dhnet.org.mx\/archivo\/wp-json\/wp\/v2\/posts\/4925\/revisions"}],"predecessor-version":[{"id":4929,"href":"https:\/\/www.dhnet.org.mx\/archivo\/wp-json\/wp\/v2\/posts\/4925\/revisions\/4929"}],"wp:featuredmedia":[{"embeddable":true,"href":"https:\/\/www.dhnet.org.mx\/archivo\/wp-json\/wp\/v2\/media\/4926"}],"wp:attachment":[{"href":"https:\/\/www.dhnet.org.mx\/archivo\/wp-json\/wp\/v2\/media?parent=4925"}],"wp:term":[{"taxonomy":"category","embeddable":true,"href":"https:\/\/www.dhnet.org.mx\/archivo\/wp-json\/wp\/v2\/categories?post=4925"},{"taxonomy":"post_tag","embeddable":true,"href":"https:\/\/www.dhnet.org.mx\/archivo\/wp-json\/wp\/v2\/tags?post=4925"}],"curies":[{"name":"wp","href":"https:\/\/api.w.org\/{rel}","templated":true}]}}