{"id":4485,"date":"2016-05-03T11:34:33","date_gmt":"2016-05-03T16:34:33","guid":{"rendered":"http:\/\/www.dhnet.org.mx\/archivo\/?p=4485"},"modified":"2017-05-24T10:39:53","modified_gmt":"2017-05-24T15:39:53","slug":"dia-mundial-de-la-libertad-de-prensa-3-de-mayo","status":"publish","type":"post","link":"https:\/\/www.dhnet.org.mx\/archivo\/dia-mundial-de-la-libertad-de-prensa-3-de-mayo\/","title":{"rendered":"D\u00eda Mundial de la Libertad de Prensa &#8211; 3 de mayo"},"content":{"rendered":"<p><iframe title=\"3 de mayo - D\u00eda Mundial de la Libertad de Prensa\" width=\"800\" height=\"450\" src=\"https:\/\/www.youtube.com\/embed\/q8JDRqIDnFM?feature=oembed\" frameborder=\"0\" allow=\"accelerometer; autoplay; clipboard-write; encrypted-media; gyroscope; picture-in-picture; web-share\" referrerpolicy=\"strict-origin-when-cross-origin\" allowfullscreen><\/iframe><\/p>\n<p>El 3 de mayo fue proclamado como el <strong>D\u00eda Mundial de la Libertad de Prensa<\/strong> en 1993, por la Asamblea General de las Naciones Unidas. En este a\u00f1o el lema es: \u201cEl acceso a la informaci\u00f3n y las libertades fundamentales, es tu derecho\u201d.<\/p>\n<p>El D\u00eda Mundial de la Libertad de Prensa es una oportunidad para recordar las recomendaciones que la Comisi\u00f3n Estatal de los Derechos Humanos de Chihuahua ha hecho, tales como:<\/p>\n<p>1. La revisi\u00f3n de los casos de homicidios de periodistas y defensores de derechos humanos no aclarados a fin de verificar el avance de las indagatorias.<\/p>\n<p>2. Proscribir de los protocolos de actuaci\u00f3n de los agentes adscritos al \u00e1rea de seguridad p\u00fablica municipal y polic\u00eda ministerial, las detenciones ilegales, amenazas o lesiones en contra de reporteros, especialmente de foto periodistas<\/p>\n<p>3. Iniciar la capacitaci\u00f3n de todos los elementos policiales para evitar agresiones a las personas, en especial a los periodistas y defensores de derechos humanos.<\/p>\n<p>4. Analizar la pertinencia y su cumplimentaci\u00f3n para elevar a rango de ley, el actual \u201cSistema Integral de Protecci\u00f3n para la Seguridad de Periodistas\u201d.<\/p>\n<p>5. Reglamentar la asignaci\u00f3n de partidas presupuestales a los medios de comunicaci\u00f3n.<\/p>\n","protected":false},"excerpt":{"rendered":"<p>El 3 de mayo fue proclamado como el D\u00eda Mundial de la Libertad de Prensa en 1993, por la Asamblea General de las Naciones Unidas. En este a\u00f1o el lema es: \u201cEl acceso a la informaci\u00f3n y las libertades fundamentales, es tu derecho\u201d. El D\u00eda Mundial de la Libertad de Prensa es una oportunidad para [&hellip;]<\/p>\n","protected":false},"author":1,"featured_media":4486,"comment_status":"closed","ping_status":"closed","sticky":false,"template":"","format":"video","meta":{"footnotes":""},"categories":[880,877],"tags":[39,842,208,843],"class_list":["post-4485","post","type-post","status-publish","format-video","has-post-thumbnail","hentry","category-actividades-y-eventos","category-igualdad","tag-jose-luis-armendariz","tag-libertad-de-prensa","tag-lic-jose-luis-armendariz","tag-prensa","post_format-video"],"_links":{"self":[{"href":"https:\/\/www.dhnet.org.mx\/archivo\/wp-json\/wp\/v2\/posts\/4485","targetHints":{"allow":["GET"]}}],"collection":[{"href":"https:\/\/www.dhnet.org.mx\/archivo\/wp-json\/wp\/v2\/posts"}],"about":[{"href":"https:\/\/www.dhnet.org.mx\/archivo\/wp-json\/wp\/v2\/types\/post"}],"author":[{"embeddable":true,"href":"https:\/\/www.dhnet.org.mx\/archivo\/wp-json\/wp\/v2\/users\/1"}],"replies":[{"embeddable":true,"href":"https:\/\/www.dhnet.org.mx\/archivo\/wp-json\/wp\/v2\/comments?post=4485"}],"version-history":[{"count":1,"href":"https:\/\/www.dhnet.org.mx\/archivo\/wp-json\/wp\/v2\/posts\/4485\/revisions"}],"predecessor-version":[{"id":4487,"href":"https:\/\/www.dhnet.org.mx\/archivo\/wp-json\/wp\/v2\/posts\/4485\/revisions\/4487"}],"wp:featuredmedia":[{"embeddable":true,"href":"https:\/\/www.dhnet.org.mx\/archivo\/wp-json\/wp\/v2\/media\/4486"}],"wp:attachment":[{"href":"https:\/\/www.dhnet.org.mx\/archivo\/wp-json\/wp\/v2\/media?parent=4485"}],"wp:term":[{"taxonomy":"category","embeddable":true,"href":"https:\/\/www.dhnet.org.mx\/archivo\/wp-json\/wp\/v2\/categories?post=4485"},{"taxonomy":"post_tag","embeddable":true,"href":"https:\/\/www.dhnet.org.mx\/archivo\/wp-json\/wp\/v2\/tags?post=4485"}],"curies":[{"name":"wp","href":"https:\/\/api.w.org\/{rel}","templated":true}]}}