{"id":440,"date":"2009-06-16T10:07:21","date_gmt":"2009-06-16T15:07:21","guid":{"rendered":"http:\/\/www.dhnet.org.mx\/archivo\/?p=440"},"modified":"2012-03-07T15:50:17","modified_gmt":"2012-03-07T21:50:17","slug":"ecologia-y-derechos-humanos-por-un-chihuahua-verde","status":"publish","type":"post","link":"https:\/\/www.dhnet.org.mx\/archivo\/ecologia-y-derechos-humanos-por-un-chihuahua-verde\/","title":{"rendered":"Ecolog\u00eda y Derechos Humanos: Por un Chihuahua Verde"},"content":{"rendered":"<p>DHNET, en colaboraci\u00f3n con la Secretaria de Desarrollo Urbano y Ecolog\u00eda de Chihuahua, elaboraron unos programas donde se relaciona a la ecolog\u00eda con los Derechos Humanos.<\/p>\n<p>Conducido por la M.V.Z. Silvia Castro Arreola, Directora de Ecolog\u00eda del Gobierno del Estado de Chihuahua.<\/p>\n<p>Duraci\u00f3n Aprox. 31 min.<\/p>\n<p>[flowplayer src=http:\/\/dhnet.org.mx\/videos\/ecologiadh\/01-ecologiaydh.flv, width=540, height=360, splash=http:\/\/www.dhnet.org.mx\/archivo\/wp-content\/uploads\/2010\/06\/ecologiaydh.jpg]<\/p>\n<p>[bajar file=\u00bbhttp:\/\/dhnet.org.mx\/videos\/ecologiadh\/01-ecologiaydh.flv\u00bb title=\u00bbPor un Chihuahua verde: Ecolog\u00eda y Derechos Humanos\u00bb]<\/p>\n","protected":false},"excerpt":{"rendered":"<p>En colaboraci\u00f3n con la Secretaria de Desarrollo Urbano y Ecologia y DHNET, se elaboraron unos programas donde relacionamos la Ecologia con los Derechos Humanos. Conducido por la M.V.Z. Silvia Castro Arreola, Directora de Ecologia del Gobierno del Estado de Chihuahua.<\/p>\n<p>Duraci\u00f3n Aprox. 31 min.<\/p>\n","protected":false},"author":1,"featured_media":0,"comment_status":"closed","ping_status":"open","sticky":false,"template":"","format":"standard","meta":{"footnotes":""},"categories":[1],"tags":[5,797,801,89,297,296,90],"class_list":["post-440","post","type-post","status-publish","format-standard","hentry","category-uncategorized","tag-chihuahua","tag-derechos-humanos","tag-ecologia","tag-ecologia-y-derechos-humanos","tag-ecologico","tag-secretaria-de-desarrollo-urbano-y-ecologia-de-chihuahua","tag-silvia-castro-arreola"],"_links":{"self":[{"href":"https:\/\/www.dhnet.org.mx\/archivo\/wp-json\/wp\/v2\/posts\/440","targetHints":{"allow":["GET"]}}],"collection":[{"href":"https:\/\/www.dhnet.org.mx\/archivo\/wp-json\/wp\/v2\/posts"}],"about":[{"href":"https:\/\/www.dhnet.org.mx\/archivo\/wp-json\/wp\/v2\/types\/post"}],"author":[{"embeddable":true,"href":"https:\/\/www.dhnet.org.mx\/archivo\/wp-json\/wp\/v2\/users\/1"}],"replies":[{"embeddable":true,"href":"https:\/\/www.dhnet.org.mx\/archivo\/wp-json\/wp\/v2\/comments?post=440"}],"version-history":[{"count":7,"href":"https:\/\/www.dhnet.org.mx\/archivo\/wp-json\/wp\/v2\/posts\/440\/revisions"}],"predecessor-version":[{"id":1940,"href":"https:\/\/www.dhnet.org.mx\/archivo\/wp-json\/wp\/v2\/posts\/440\/revisions\/1940"}],"wp:attachment":[{"href":"https:\/\/www.dhnet.org.mx\/archivo\/wp-json\/wp\/v2\/media?parent=440"}],"wp:term":[{"taxonomy":"category","embeddable":true,"href":"https:\/\/www.dhnet.org.mx\/archivo\/wp-json\/wp\/v2\/categories?post=440"},{"taxonomy":"post_tag","embeddable":true,"href":"https:\/\/www.dhnet.org.mx\/archivo\/wp-json\/wp\/v2\/tags?post=440"}],"curies":[{"name":"wp","href":"https:\/\/api.w.org\/{rel}","templated":true}]}}