{"id":3818,"date":"2016-04-19T14:33:16","date_gmt":"2016-04-19T19:33:16","guid":{"rendered":"http:\/\/www.dhnet.org.mx\/archivo\/?p=3818"},"modified":"2017-05-18T13:42:25","modified_gmt":"2017-05-18T18:42:25","slug":"el-derecho-a-un-trabajo-decente-6ta-mesa","status":"publish","type":"post","link":"https:\/\/www.dhnet.org.mx\/archivo\/el-derecho-a-un-trabajo-decente-6ta-mesa\/","title":{"rendered":"El Derecho a un Trabajo Decente &#8211; 6ta Mesa"},"content":{"rendered":"<p>Foro Internacional sobre los Derechos Humanos en el Contexto de las Actividades Empresariales y el Desarrollo Sostenible.<\/p>\n<p>&#8212; 6ta Mesa de Trabajo &#8212;<br \/>\n<strong>\u00abEl Derecho a un Trabajo Decente\u00bb<\/strong><\/p>\n<p>&#8211; Benjam\u00edn Cokelet<br \/>\nDirector Ejecutivo PODER<\/p>\n<p>&#8211; Jos\u00e9 Armando Rocha Acosta<br \/>\nDirector General<br \/>\nSecretar\u00eda del Trabajo y Previci\u00f3n Social del Edo. de Chihuahua<\/p>\n<p><iframe title=\"El Derecho a un Trabajo Decente - 6ta Mesa\" width=\"800\" height=\"450\" src=\"https:\/\/www.youtube.com\/embed\/REO8E_Ode5U?feature=oembed\" frameborder=\"0\" allow=\"accelerometer; autoplay; clipboard-write; encrypted-media; gyroscope; picture-in-picture; web-share\" referrerpolicy=\"strict-origin-when-cross-origin\" allowfullscreen><\/iframe><\/p>\n","protected":false},"excerpt":{"rendered":"<p>Foro Internacional sobre los Derechos Humanos en el Contexto de las Actividades Empresariales y el Desarrollo Sostenible. &#8212; 6ta Mesa de Trabajo &#8212; \u00abEl Derecho a un Trabajo Decente\u00bb &#8211; Benjam\u00edn Cokelet Director Ejecutivo PODER &#8211; Jos\u00e9 Armando Rocha Acosta Director General Secretar\u00eda del Trabajo y Previci\u00f3n Social del Edo. de Chihuahua<\/p>\n","protected":false},"author":4,"featured_media":3807,"comment_status":"closed","ping_status":"closed","sticky":false,"template":"","format":"standard","meta":{"footnotes":""},"categories":[879],"tags":[7,647,5,28,434,6,762,835,502,513],"class_list":["post-3818","post","type-post","status-publish","format-standard","has-post-thumbnail","hentry","category-conferencias-y-seminarios","tag-cedh","tag-cedh-chihuahua","tag-chihuahua","tag-cndh","tag-conferencia","tag-dhnet","tag-foro","tag-foro-int-sobre-los-ddhh-en-el-contexto-de-las-act-empresariales","tag-mesa-panel","tag-trabajo"],"_links":{"self":[{"href":"https:\/\/www.dhnet.org.mx\/archivo\/wp-json\/wp\/v2\/posts\/3818","targetHints":{"allow":["GET"]}}],"collection":[{"href":"https:\/\/www.dhnet.org.mx\/archivo\/wp-json\/wp\/v2\/posts"}],"about":[{"href":"https:\/\/www.dhnet.org.mx\/archivo\/wp-json\/wp\/v2\/types\/post"}],"author":[{"embeddable":true,"href":"https:\/\/www.dhnet.org.mx\/archivo\/wp-json\/wp\/v2\/users\/4"}],"replies":[{"embeddable":true,"href":"https:\/\/www.dhnet.org.mx\/archivo\/wp-json\/wp\/v2\/comments?post=3818"}],"version-history":[{"count":1,"href":"https:\/\/www.dhnet.org.mx\/archivo\/wp-json\/wp\/v2\/posts\/3818\/revisions"}],"predecessor-version":[{"id":3819,"href":"https:\/\/www.dhnet.org.mx\/archivo\/wp-json\/wp\/v2\/posts\/3818\/revisions\/3819"}],"wp:featuredmedia":[{"embeddable":true,"href":"https:\/\/www.dhnet.org.mx\/archivo\/wp-json\/wp\/v2\/media\/3807"}],"wp:attachment":[{"href":"https:\/\/www.dhnet.org.mx\/archivo\/wp-json\/wp\/v2\/media?parent=3818"}],"wp:term":[{"taxonomy":"category","embeddable":true,"href":"https:\/\/www.dhnet.org.mx\/archivo\/wp-json\/wp\/v2\/categories?post=3818"},{"taxonomy":"post_tag","embeddable":true,"href":"https:\/\/www.dhnet.org.mx\/archivo\/wp-json\/wp\/v2\/tags?post=3818"}],"curies":[{"name":"wp","href":"https:\/\/api.w.org\/{rel}","templated":true}]}}