{"id":3814,"date":"2016-04-19T14:28:32","date_gmt":"2016-04-19T19:28:32","guid":{"rendered":"http:\/\/www.dhnet.org.mx\/archivo\/?p=3814"},"modified":"2017-05-18T13:41:36","modified_gmt":"2017-05-18T18:41:36","slug":"pueblos-indigenas-y-desarrollo-4ta-mesa","status":"publish","type":"post","link":"https:\/\/www.dhnet.org.mx\/archivo\/pueblos-indigenas-y-desarrollo-4ta-mesa\/","title":{"rendered":"Pueblos Ind\u00edgenas y Desarrollo &#8211; 4ta Mesa"},"content":{"rendered":"<p>Foro Internacional sobre los Derechos Humanos en el Contexto de las Actividades Empresariales y el Desarrollo Sostenible.<\/p>\n<p>&#8212; 4ta Mesa de Trabajo &#8212;<br \/>\n<strong>\u00abPueblos Ind\u00edgenas y Desarrollo\u00bb<\/strong><\/p>\n<p>&#8211; Diana Ch\u00e1vez<br \/>\nDirectora del Centro Regional para Am\u00e9rica Latina y el Caribe<br \/>\nPacto Mundial de la Organizaci\u00f3n de las Naciones Unidas<\/p>\n<p>&#8211; Yerko Ljubetic<br \/>\nEncargo del Programa de Derechos Humanos y Empresas<br \/>\nInstituto Nacional de Derechos Humanos, Chile<\/p>\n<p>&#8211; Reyna Briz Franco Ort\u00edz<br \/>\nAcad\u00e9mica<br \/>\nUniversidad Nacional Aut\u00f3noma de M\u00e9xico<\/p>\n<p>&#8211; Celerino Felipe Cruz<br \/>\nCoordinador del Centro de Investigaci\u00f3n de la Cultura Purep\u00e9cha<br \/>\nUniversidad Michoacana, San Nicol\u00e1s de Hidalgo<\/p>\n<p>&#8211; Dilia Paola G\u00f3mez Pati\u00f1o<br \/>\nAbogada<br \/>\nMg. Relaciones Internacionales<\/p>\n<p><iframe title=\"Pueblos Ind\u00edgenas y Desarrollo - 4ta Mesa\" width=\"800\" height=\"450\" src=\"https:\/\/www.youtube.com\/embed\/SqzsYigUPoo?feature=oembed\" frameborder=\"0\" allow=\"accelerometer; autoplay; clipboard-write; encrypted-media; gyroscope; picture-in-picture; web-share\" referrerpolicy=\"strict-origin-when-cross-origin\" allowfullscreen><\/iframe><\/p>\n","protected":false},"excerpt":{"rendered":"<p>Foro Internacional sobre los Derechos Humanos en el Contexto de las Actividades Empresariales y el Desarrollo Sostenible. &#8212; 4ta Mesa de Trabajo &#8212; \u00abPueblos Ind\u00edgenas y Desarrollo\u00bb &#8211; Diana Ch\u00e1vez Directora del Centro Regional para Am\u00e9rica Latina y el Caribe Pacto Mundial de la Organizaci\u00f3n de las Naciones Unidas &#8211; Yerko Ljubetic Encargo del Programa [&hellip;]<\/p>\n","protected":false},"author":4,"featured_media":3805,"comment_status":"closed","ping_status":"closed","sticky":false,"template":"","format":"standard","meta":{"footnotes":""},"categories":[879],"tags":[647,28,434,797,427,836,762,835,502,55],"class_list":["post-3814","post","type-post","status-publish","format-standard","has-post-thumbnail","hentry","category-conferencias-y-seminarios","tag-cedh-chihuahua","tag-cndh","tag-conferencia","tag-derechos-humanos","tag-desarrollo","tag-empresas","tag-foro","tag-foro-int-sobre-los-ddhh-en-el-contexto-de-las-act-empresariales","tag-mesa-panel","tag-pueblos-indigenas"],"_links":{"self":[{"href":"https:\/\/www.dhnet.org.mx\/archivo\/wp-json\/wp\/v2\/posts\/3814","targetHints":{"allow":["GET"]}}],"collection":[{"href":"https:\/\/www.dhnet.org.mx\/archivo\/wp-json\/wp\/v2\/posts"}],"about":[{"href":"https:\/\/www.dhnet.org.mx\/archivo\/wp-json\/wp\/v2\/types\/post"}],"author":[{"embeddable":true,"href":"https:\/\/www.dhnet.org.mx\/archivo\/wp-json\/wp\/v2\/users\/4"}],"replies":[{"embeddable":true,"href":"https:\/\/www.dhnet.org.mx\/archivo\/wp-json\/wp\/v2\/comments?post=3814"}],"version-history":[{"count":1,"href":"https:\/\/www.dhnet.org.mx\/archivo\/wp-json\/wp\/v2\/posts\/3814\/revisions"}],"predecessor-version":[{"id":3815,"href":"https:\/\/www.dhnet.org.mx\/archivo\/wp-json\/wp\/v2\/posts\/3814\/revisions\/3815"}],"wp:featuredmedia":[{"embeddable":true,"href":"https:\/\/www.dhnet.org.mx\/archivo\/wp-json\/wp\/v2\/media\/3805"}],"wp:attachment":[{"href":"https:\/\/www.dhnet.org.mx\/archivo\/wp-json\/wp\/v2\/media?parent=3814"}],"wp:term":[{"taxonomy":"category","embeddable":true,"href":"https:\/\/www.dhnet.org.mx\/archivo\/wp-json\/wp\/v2\/categories?post=3814"},{"taxonomy":"post_tag","embeddable":true,"href":"https:\/\/www.dhnet.org.mx\/archivo\/wp-json\/wp\/v2\/tags?post=3814"}],"curies":[{"name":"wp","href":"https:\/\/api.w.org\/{rel}","templated":true}]}}