{"id":3812,"date":"2016-04-19T14:25:47","date_gmt":"2016-04-19T19:25:47","guid":{"rendered":"http:\/\/www.dhnet.org.mx\/archivo\/?p=3812"},"modified":"2017-05-18T13:41:03","modified_gmt":"2017-05-18T18:41:03","slug":"la-contribucion-del-respeto-a-los-ddhh-por-parte-de-las-indh-3ra-mesa","status":"publish","type":"post","link":"https:\/\/www.dhnet.org.mx\/archivo\/la-contribucion-del-respeto-a-los-ddhh-por-parte-de-las-indh-3ra-mesa\/","title":{"rendered":"La Contribuci\u00f3n del Respeto a los DDHH por parte de las INDH &#8211; 3ra Mesa"},"content":{"rendered":"<p>Foro Internacional sobre los Derechos Humanos en el Contexto de las Actividades Empresariales y el Desarrollo Sostenible.<\/p>\n<p>&#8212; 3ra Mesa de Trabajo &#8212;<br \/>\n<strong>\u00abLa Contribuci\u00f3n del Respeto a los Derechos Humanos por parte de las INDH a trav\u00e9s de los Mecanismos de Rendici\u00f3n de Cuentas y Monitoreo de Indicadores de Desarrollo\u00bb<\/strong><\/p>\n<p>&#8211; Ramiro Rivadeneira Silva<br \/>\nDefensor del Pueblo de Ecuador<\/p>\n<p>&#8211; Alfonso Cajiao Cabrera<br \/>\nDefensor del Pueblo de Colombia<\/p>\n<p>&#8211; Nabila Tbeur<br \/>\nAsesora Especial en Actividades Empresariales y Derechos Humanos<br \/>\nComisi\u00f3n Nacional de Derechos Humanos, Marruecos<\/p>\n<p>&#8211; Rina Rodr\u00edguez Luj\u00e1n<br \/>\nJefa de la Defensor\u00eda del Pueblo<br \/>\nRegi\u00f3n Ancash de Per\u00fa<\/p>\n<p>&#8211; Enrique Guadarrama L\u00f3pez<br \/>\nSegundo Visitador General<br \/>\nComisi\u00f3n Nacional de los Derechos Humanos, M\u00e9xico<\/p>\n<p><iframe title=\"La Contribuci\u00f3n del Respeto a los DDHH por parte de las INDH - 3ra Mesa\" width=\"800\" height=\"450\" src=\"https:\/\/www.youtube.com\/embed\/iLLnEPDSxog?feature=oembed\" frameborder=\"0\" allow=\"accelerometer; autoplay; clipboard-write; encrypted-media; gyroscope; picture-in-picture; web-share\" referrerpolicy=\"strict-origin-when-cross-origin\" allowfullscreen><\/iframe><\/p>\n","protected":false},"excerpt":{"rendered":"<p>Foro Internacional sobre los Derechos Humanos en el Contexto de las Actividades Empresariales y el Desarrollo Sostenible. &#8212; 3ra Mesa de Trabajo &#8212; \u00abLa Contribuci\u00f3n del Respeto a los Derechos Humanos por parte de las INDH a trav\u00e9s de los Mecanismos de Rendici\u00f3n de Cuentas y Monitoreo de Indicadores de Desarrollo\u00bb &#8211; Ramiro Rivadeneira Silva [&hellip;]<\/p>\n","protected":false},"author":4,"featured_media":3804,"comment_status":"closed","ping_status":"closed","sticky":false,"template":"","format":"standard","meta":{"footnotes":""},"categories":[879],"tags":[647,28,797,836,762,835],"class_list":["post-3812","post","type-post","status-publish","format-standard","has-post-thumbnail","hentry","category-conferencias-y-seminarios","tag-cedh-chihuahua","tag-cndh","tag-derechos-humanos","tag-empresas","tag-foro","tag-foro-int-sobre-los-ddhh-en-el-contexto-de-las-act-empresariales"],"_links":{"self":[{"href":"https:\/\/www.dhnet.org.mx\/archivo\/wp-json\/wp\/v2\/posts\/3812","targetHints":{"allow":["GET"]}}],"collection":[{"href":"https:\/\/www.dhnet.org.mx\/archivo\/wp-json\/wp\/v2\/posts"}],"about":[{"href":"https:\/\/www.dhnet.org.mx\/archivo\/wp-json\/wp\/v2\/types\/post"}],"author":[{"embeddable":true,"href":"https:\/\/www.dhnet.org.mx\/archivo\/wp-json\/wp\/v2\/users\/4"}],"replies":[{"embeddable":true,"href":"https:\/\/www.dhnet.org.mx\/archivo\/wp-json\/wp\/v2\/comments?post=3812"}],"version-history":[{"count":1,"href":"https:\/\/www.dhnet.org.mx\/archivo\/wp-json\/wp\/v2\/posts\/3812\/revisions"}],"predecessor-version":[{"id":3813,"href":"https:\/\/www.dhnet.org.mx\/archivo\/wp-json\/wp\/v2\/posts\/3812\/revisions\/3813"}],"wp:featuredmedia":[{"embeddable":true,"href":"https:\/\/www.dhnet.org.mx\/archivo\/wp-json\/wp\/v2\/media\/3804"}],"wp:attachment":[{"href":"https:\/\/www.dhnet.org.mx\/archivo\/wp-json\/wp\/v2\/media?parent=3812"}],"wp:term":[{"taxonomy":"category","embeddable":true,"href":"https:\/\/www.dhnet.org.mx\/archivo\/wp-json\/wp\/v2\/categories?post=3812"},{"taxonomy":"post_tag","embeddable":true,"href":"https:\/\/www.dhnet.org.mx\/archivo\/wp-json\/wp\/v2\/tags?post=3812"}],"curies":[{"name":"wp","href":"https:\/\/api.w.org\/{rel}","templated":true}]}}