{"id":3728,"date":"2016-03-03T12:36:55","date_gmt":"2016-03-03T18:36:55","guid":{"rendered":"http:\/\/www.dhnet.org.mx\/archivo\/?p=3728"},"modified":"2017-05-24T12:30:46","modified_gmt":"2017-05-24T17:30:46","slug":"dia-mundial-de-la-naturaleza-3-de-marzo","status":"publish","type":"post","link":"https:\/\/www.dhnet.org.mx\/archivo\/dia-mundial-de-la-naturaleza-3-de-marzo\/","title":{"rendered":"D\u00eda Mundial de la Naturaleza &#8211; 3 de Marzo"},"content":{"rendered":"<p>[fvplayer src=\u00bbhttps:\/\/www.youtube.com\/watch?v=bsxe3YFanq0&#8243;]<\/p>\n<p>El presidente de la Comisi\u00f3n Estatal de los Derechos Humanos de Chihuahua, Jos\u00e9 Luis Armend\u00e1riz Gonz\u00e1lez, emiti\u00f3 un exhorto a las autoridades, a las personas f\u00edsicas y a las empresas a erradicar las plagas, que nos garanticen un desarrollo sostenible de los bosques en nuestro estado y garantizar a trav\u00e9s de mecanismos la reproducci\u00f3n de especies en peligro de extinci\u00f3n ya que de ello depende la vida silvestre y de los pueblos ind\u00edgenas; as\u00ed como del ecosistema de toda la entidad.<\/p>\n<p>Lo anterior en el marco del D\u00eda Mundial de la Naturaleza, establecido por la Asamblea General de las Naciones Unidas.<\/p>\n","protected":false},"excerpt":{"rendered":"<p>[fvplayer src=\u00bbhttps:\/\/www.youtube.com\/watch?v=bsxe3YFanq0&#8243;] El presidente de la Comisi\u00f3n Estatal de los Derechos Humanos de Chihuahua, Jos\u00e9 Luis Armend\u00e1riz Gonz\u00e1lez, emiti\u00f3 un exhorto a las autoridades, a las personas f\u00edsicas y a las empresas a erradicar las plagas, que nos garanticen un desarrollo sostenible de los bosques en nuestro estado y garantizar a trav\u00e9s de mecanismos la [&hellip;]<\/p>\n","protected":false},"author":1,"featured_media":3729,"comment_status":"closed","ping_status":"closed","sticky":false,"template":"","format":"standard","meta":{"footnotes":""},"categories":[880],"tags":[647,829,801,208],"class_list":["post-3728","post","type-post","status-publish","format-standard","has-post-thumbnail","hentry","category-actividades-y-eventos","tag-cedh-chihuahua","tag-dia-mundial-de-la-naturaleza","tag-ecologia","tag-lic-jose-luis-armendariz"],"_links":{"self":[{"href":"https:\/\/www.dhnet.org.mx\/archivo\/wp-json\/wp\/v2\/posts\/3728","targetHints":{"allow":["GET"]}}],"collection":[{"href":"https:\/\/www.dhnet.org.mx\/archivo\/wp-json\/wp\/v2\/posts"}],"about":[{"href":"https:\/\/www.dhnet.org.mx\/archivo\/wp-json\/wp\/v2\/types\/post"}],"author":[{"embeddable":true,"href":"https:\/\/www.dhnet.org.mx\/archivo\/wp-json\/wp\/v2\/users\/1"}],"replies":[{"embeddable":true,"href":"https:\/\/www.dhnet.org.mx\/archivo\/wp-json\/wp\/v2\/comments?post=3728"}],"version-history":[{"count":1,"href":"https:\/\/www.dhnet.org.mx\/archivo\/wp-json\/wp\/v2\/posts\/3728\/revisions"}],"predecessor-version":[{"id":3730,"href":"https:\/\/www.dhnet.org.mx\/archivo\/wp-json\/wp\/v2\/posts\/3728\/revisions\/3730"}],"wp:featuredmedia":[{"embeddable":true,"href":"https:\/\/www.dhnet.org.mx\/archivo\/wp-json\/wp\/v2\/media\/3729"}],"wp:attachment":[{"href":"https:\/\/www.dhnet.org.mx\/archivo\/wp-json\/wp\/v2\/media?parent=3728"}],"wp:term":[{"taxonomy":"category","embeddable":true,"href":"https:\/\/www.dhnet.org.mx\/archivo\/wp-json\/wp\/v2\/categories?post=3728"},{"taxonomy":"post_tag","embeddable":true,"href":"https:\/\/www.dhnet.org.mx\/archivo\/wp-json\/wp\/v2\/tags?post=3728"}],"curies":[{"name":"wp","href":"https:\/\/api.w.org\/{rel}","templated":true}]}}