{"id":3721,"date":"2015-10-28T12:23:37","date_gmt":"2015-10-28T18:23:37","guid":{"rendered":"http:\/\/www.dhnet.org.mx\/archivo\/?p=3721"},"modified":"2017-05-18T11:05:49","modified_gmt":"2017-05-18T16:05:49","slug":"entrevista-a-marcelo-honores-defensor-del-pueblo-de-la-provincia-de-buenos-aires-iberoamerica-habla","status":"publish","type":"post","link":"https:\/\/www.dhnet.org.mx\/archivo\/entrevista-a-marcelo-honores-defensor-del-pueblo-de-la-provincia-de-buenos-aires-iberoamerica-habla\/","title":{"rendered":"Entrevista a Marcelo Honores, Defensor del Pueblo de la Provincia de Buenos Aires &#8211; Iberoam\u00e9rica Habla"},"content":{"rendered":"<p>[fvplayer src=\u00bbhttps:\/\/www.youtube.com\/watch?v=L6zUUWJxddw\u00bb]<\/p>\n<p>Un estudio sobre qu\u00e9 agroqu\u00edmicos se utilizan en la Provincia, los potenciales peligros de cada cultivo y su impacto en el suelo y la tierra, con el objetivo de desarrollar estrategias para prevenir consecuencias, present\u00f3 la Defensor\u00eda del Pueblo bonaerense junto con la Facultad de Ciencias Agrarias y Forestales de la Universidad Nacional de La Plata (UNLP).<\/p>\n<p>\u00abEl rol de la Defensor\u00eda es defender los derechos de todos los habitantes de la Provincia y en esta inteligencia se propuso una investigaci\u00f3n con el objeto de dimensionar adecuadamente esta realidad vinculada al efectivo ejercicio del derecho a la salud y de gozar de un ambiente sano\u00bb, sostuvo el Secretario General a cargo de la Defensor\u00eda del Pueblo, Marcelo Honores.<\/p>\n<p>Iberoam\u00e9rica Habla es un proyecto realizado por la Comisi\u00f3n Estatal de los Derechos Humanos de Chihuahua, en M\u00e9xico, en coordinaci\u00f3n con la Red de Comunicadores de la Federaci\u00f3n Iberoamericana del Ombudsman.<\/p>\n","protected":false},"excerpt":{"rendered":"<p>[fvplayer src=\u00bbhttps:\/\/www.youtube.com\/watch?v=L6zUUWJxddw\u00bb] Un estudio sobre qu\u00e9 agroqu\u00edmicos se utilizan en la Provincia, los potenciales peligros de cada cultivo y su impacto en el suelo y la tierra, con el objetivo de desarrollar estrategias para prevenir consecuencias, present\u00f3 la Defensor\u00eda del Pueblo bonaerense junto con la Facultad de Ciencias Agrarias y Forestales de la Universidad Nacional [&hellip;]<\/p>\n","protected":false},"author":1,"featured_media":3605,"comment_status":"closed","ping_status":"closed","sticky":false,"template":"","format":"standard","meta":{"footnotes":""},"categories":[878],"tags":[685,7,6,104,669,824],"class_list":["post-3721","post","type-post","status-publish","format-standard","has-post-thumbnail","hentry","category-derechos-humanos","tag-argentina","tag-cedh","tag-dhnet","tag-federacion-iberoamericana-del-ombudsman","tag-iberoamerica-habla","tag-marcelo-honores"],"_links":{"self":[{"href":"https:\/\/www.dhnet.org.mx\/archivo\/wp-json\/wp\/v2\/posts\/3721","targetHints":{"allow":["GET"]}}],"collection":[{"href":"https:\/\/www.dhnet.org.mx\/archivo\/wp-json\/wp\/v2\/posts"}],"about":[{"href":"https:\/\/www.dhnet.org.mx\/archivo\/wp-json\/wp\/v2\/types\/post"}],"author":[{"embeddable":true,"href":"https:\/\/www.dhnet.org.mx\/archivo\/wp-json\/wp\/v2\/users\/1"}],"replies":[{"embeddable":true,"href":"https:\/\/www.dhnet.org.mx\/archivo\/wp-json\/wp\/v2\/comments?post=3721"}],"version-history":[{"count":1,"href":"https:\/\/www.dhnet.org.mx\/archivo\/wp-json\/wp\/v2\/posts\/3721\/revisions"}],"predecessor-version":[{"id":3722,"href":"https:\/\/www.dhnet.org.mx\/archivo\/wp-json\/wp\/v2\/posts\/3721\/revisions\/3722"}],"wp:featuredmedia":[{"embeddable":true,"href":"https:\/\/www.dhnet.org.mx\/archivo\/wp-json\/wp\/v2\/media\/3605"}],"wp:attachment":[{"href":"https:\/\/www.dhnet.org.mx\/archivo\/wp-json\/wp\/v2\/media?parent=3721"}],"wp:term":[{"taxonomy":"category","embeddable":true,"href":"https:\/\/www.dhnet.org.mx\/archivo\/wp-json\/wp\/v2\/categories?post=3721"},{"taxonomy":"post_tag","embeddable":true,"href":"https:\/\/www.dhnet.org.mx\/archivo\/wp-json\/wp\/v2\/tags?post=3721"}],"curies":[{"name":"wp","href":"https:\/\/api.w.org\/{rel}","templated":true}]}}