{"id":3719,"date":"2015-05-10T12:09:09","date_gmt":"2015-05-10T17:09:09","guid":{"rendered":"http:\/\/www.dhnet.org.mx\/archivo\/?p=3719"},"modified":"2017-05-18T11:47:47","modified_gmt":"2017-05-18T16:47:47","slug":"primera-cumbre-iberoamericana-de-ddhh-migrantes-y-trata-de-personas-iberoamerica-habla","status":"publish","type":"post","link":"https:\/\/www.dhnet.org.mx\/archivo\/primera-cumbre-iberoamericana-de-ddhh-migrantes-y-trata-de-personas-iberoamerica-habla\/","title":{"rendered":"Primera Cumbre Iberoamericana de DDHH, Migrantes y Trata de Personas &#8211; Iberoam\u00e9rica Habla"},"content":{"rendered":"<p>[fvplayer src=\u00bbhttps:\/\/www.youtube.com\/watch?v=1IfZngaH__s\u00bb]<\/p>\n<p>Iberoam\u00e9rica Habla presenta los avances de la Primera Cumbre Iberoamericana del Ombudsman sobre Derechos Humanos, Migrantes y Trata de Personas.<\/p>\n<p>En esta ocasi\u00f3n la Coordinadora General de la Red sobre Migrantes y Trata de Personas de la FIO, Iris Miriam Ruiz Class, aborda la problem\u00e1tica de los delitos de trata y tr\u00e1fico de migrantes y los planes estrat\u00e9gico la prevenci\u00f3n, protecci\u00f3n y defensa de los Derechos Humanos de quienes son v\u00edctimas.<\/p>\n","protected":false},"excerpt":{"rendered":"<p>[fvplayer src=\u00bbhttps:\/\/www.youtube.com\/watch?v=1IfZngaH__s\u00bb] Iberoam\u00e9rica Habla presenta los avances de la Primera Cumbre Iberoamericana del Ombudsman sobre Derechos Humanos, Migrantes y Trata de Personas. En esta ocasi\u00f3n la Coordinadora General de la Red sobre Migrantes y Trata de Personas de la FIO, Iris Miriam Ruiz Class, aborda la problem\u00e1tica de los delitos de trata y tr\u00e1fico de [&hellip;]<\/p>\n","protected":false},"author":1,"featured_media":3605,"comment_status":"closed","ping_status":"closed","sticky":false,"template":"","format":"standard","meta":{"footnotes":""},"categories":[878,876],"tags":[7,6,104,669,680,242],"class_list":["post-3719","post","type-post","status-publish","format-standard","has-post-thumbnail","hentry","category-derechos-humanos","category-migrantes","tag-cedh","tag-dhnet","tag-federacion-iberoamericana-del-ombudsman","tag-iberoamerica-habla","tag-iris-miriam-ruiz-class","tag-trata-de-personas"],"_links":{"self":[{"href":"https:\/\/www.dhnet.org.mx\/archivo\/wp-json\/wp\/v2\/posts\/3719","targetHints":{"allow":["GET"]}}],"collection":[{"href":"https:\/\/www.dhnet.org.mx\/archivo\/wp-json\/wp\/v2\/posts"}],"about":[{"href":"https:\/\/www.dhnet.org.mx\/archivo\/wp-json\/wp\/v2\/types\/post"}],"author":[{"embeddable":true,"href":"https:\/\/www.dhnet.org.mx\/archivo\/wp-json\/wp\/v2\/users\/1"}],"replies":[{"embeddable":true,"href":"https:\/\/www.dhnet.org.mx\/archivo\/wp-json\/wp\/v2\/comments?post=3719"}],"version-history":[{"count":1,"href":"https:\/\/www.dhnet.org.mx\/archivo\/wp-json\/wp\/v2\/posts\/3719\/revisions"}],"predecessor-version":[{"id":3720,"href":"https:\/\/www.dhnet.org.mx\/archivo\/wp-json\/wp\/v2\/posts\/3719\/revisions\/3720"}],"wp:featuredmedia":[{"embeddable":true,"href":"https:\/\/www.dhnet.org.mx\/archivo\/wp-json\/wp\/v2\/media\/3605"}],"wp:attachment":[{"href":"https:\/\/www.dhnet.org.mx\/archivo\/wp-json\/wp\/v2\/media?parent=3719"}],"wp:term":[{"taxonomy":"category","embeddable":true,"href":"https:\/\/www.dhnet.org.mx\/archivo\/wp-json\/wp\/v2\/categories?post=3719"},{"taxonomy":"post_tag","embeddable":true,"href":"https:\/\/www.dhnet.org.mx\/archivo\/wp-json\/wp\/v2\/tags?post=3719"}],"curies":[{"name":"wp","href":"https:\/\/api.w.org\/{rel}","templated":true}]}}