{"id":360,"date":"2010-01-07T15:41:44","date_gmt":"2010-01-07T21:41:44","guid":{"rendered":"http:\/\/www.dhnet.org.mx\/v2\/?p=360"},"modified":"2017-05-24T10:20:35","modified_gmt":"2017-05-24T15:20:35","slug":"la-historia-de-todos","status":"publish","type":"post","link":"https:\/\/www.dhnet.org.mx\/archivo\/la-historia-de-todos\/","title":{"rendered":"La Historia de Todos"},"content":{"rendered":"<p>\u00abLa historia de todos\u00bb es un documental donde ni\u00f1os mixtecos, tlapanecos, triquis, nahuas y mestizos, que migran para trabajar en el cultivo del jitomate y otras hortalizas, cuentan su vida en los albergues de migrantes. En dicho material, nos hablan de sus pueblos y de los motivos que los obligan a irse, del proceso del cultivo del tomate, de sus miedos y anhelos a trav\u00e9s de su peculiar cosmovisi\u00f3n y sus fantasticas creaciones en plastilina.<\/p>\n<p>Duraci\u00f3n 10 minutos.<\/p>\n<p>[flowplayer src=http:\/\/dhnet.org.mx\/videos\/jalisco\/jalisco-historia-todos.mp4 width=640 height=480 splash=http:\/\/www.dhnet.org.mx\/archivo\/wp-content\/uploads\/2010\/05\/jal-lahistoriadetodos.jpg]<\/p>\n<p>Material did\u00e1ctico multimedia coproducido por Conaculta y el Cedntro de Desarrollo Tecnol\u00f3gico, dependencia de la Secretar\u00eda de Educaci\u00f3n Jalisco.<\/p>\n<p>Copyright CEDETEC 2003-2005. Todos los derechos reservados.<br \/>\nhttp:\/\/cedetec.jalisco.gob.mx<\/p>\n","protected":false},"excerpt":{"rendered":"<p>\u00abLa historia de todos\u00bb es un documental donde ni\u00f1os mixtecos, tlapanecos, triquis, nahuas y mestizos, que migran para trabajar en el cultivo del jitomate y otras hortalizas, cuentan su vida en los albergues de migrantes. En dicho material, nos hablan de sus pueblos y de los motivos que los obligan a irse, del proceso del [&hellip;]<\/p>\n","protected":false},"author":1,"featured_media":361,"comment_status":"closed","ping_status":"open","sticky":false,"template":"","format":"standard","meta":{"footnotes":""},"categories":[882],"tags":[414,72,281,68,85,410,280,409,413,55,411,412],"class_list":["post-360","post","type-post","status-publish","format-standard","has-post-thumbnail","hentry","category-infantiles","tag-conaculta","tag-cultura","tag-educacion-2","tag-jalisco","tag-migrantes","tag-mixtecos","tag-ninos","tag-plastilina","tag-pueblos","tag-pueblos-indigenas","tag-tlapanecos","tag-triquis"],"_links":{"self":[{"href":"https:\/\/www.dhnet.org.mx\/archivo\/wp-json\/wp\/v2\/posts\/360","targetHints":{"allow":["GET"]}}],"collection":[{"href":"https:\/\/www.dhnet.org.mx\/archivo\/wp-json\/wp\/v2\/posts"}],"about":[{"href":"https:\/\/www.dhnet.org.mx\/archivo\/wp-json\/wp\/v2\/types\/post"}],"author":[{"embeddable":true,"href":"https:\/\/www.dhnet.org.mx\/archivo\/wp-json\/wp\/v2\/users\/1"}],"replies":[{"embeddable":true,"href":"https:\/\/www.dhnet.org.mx\/archivo\/wp-json\/wp\/v2\/comments?post=360"}],"version-history":[{"count":6,"href":"https:\/\/www.dhnet.org.mx\/archivo\/wp-json\/wp\/v2\/posts\/360\/revisions"}],"predecessor-version":[{"id":6411,"href":"https:\/\/www.dhnet.org.mx\/archivo\/wp-json\/wp\/v2\/posts\/360\/revisions\/6411"}],"wp:featuredmedia":[{"embeddable":true,"href":"https:\/\/www.dhnet.org.mx\/archivo\/wp-json\/wp\/v2\/media\/361"}],"wp:attachment":[{"href":"https:\/\/www.dhnet.org.mx\/archivo\/wp-json\/wp\/v2\/media?parent=360"}],"wp:term":[{"taxonomy":"category","embeddable":true,"href":"https:\/\/www.dhnet.org.mx\/archivo\/wp-json\/wp\/v2\/categories?post=360"},{"taxonomy":"post_tag","embeddable":true,"href":"https:\/\/www.dhnet.org.mx\/archivo\/wp-json\/wp\/v2\/tags?post=360"}],"curies":[{"name":"wp","href":"https:\/\/api.w.org\/{rel}","templated":true}]}}