{"id":352,"date":"2010-01-07T13:25:46","date_gmt":"2010-01-07T19:25:46","guid":{"rendered":"http:\/\/www.dhnet.org.mx\/v2\/?p=352"},"modified":"2016-05-06T11:02:21","modified_gmt":"2016-05-06T16:02:21","slug":"equidad-de-genero","status":"publish","type":"post","link":"https:\/\/www.dhnet.org.mx\/archivo\/equidad-de-genero\/","title":{"rendered":"Equidad de G\u00e9nero"},"content":{"rendered":"<p>Jos\u00e9, un ni\u00f1o de quinto de primaria, muestra a su hermana Marcela lo que para \u00e9l es la equidad de g\u00e9nero, mediante algunas situaciones de la vida cotidiana que le ocurren en la familia, la escuela, la calle y el trabajo.<\/p>\n<p>Este v\u00eddeo tiene como finalidad sensibilizar a los alumnos, alumnas, maestros, maestras y p\u00fablico en general, acerca de c\u00f3mo pueden participar activamente con respecto a la equidad de g\u00e9nero, vi\u00e9ndolo desde la perspectiva de un ni\u00f1o.<\/p>\n<p>El presente material, pretende ser una herramienta did\u00e1ctica que apoye los contenidos pedag\u00f3gicos con respecto a la educaci\u00f3n C\u00edvica y \u00c9tica.<\/p>\n<p>Duraci\u00f3n Aproximada: 10 minutos.<\/p>\n<p>[flowplayer src=\u00bbhttp:\/\/dhnet.org.mx\/videos\/jalisco\/equidad_de_genero.flv\u00bb width=\u00bb540&#8243; height=\u00bb360&#8243; splash=\u00bbhttp:\/\/www.dhnet.org.mx\/v2\/wp-content\/uploads\/2010\/05\/jal-equidaddegenero.jpg\u00bb]<\/p>\n<p>Material did\u00e1ctico multimedia, producido por el Centro de Desarrollo Tecnol\u00f3gico, dependencia de la Secretar\u00eda de Educac\u00f3n Jalisco.<br \/>\nCEDETEC 2007 Todos los derechos reservados.<br \/>\nhttp:\/\/cedetec.jalisco.gob.mx<\/p>\n","protected":false},"excerpt":{"rendered":"<p>Jos\u00e9, un ni\u00f1o de quinto de primaria, muestra a su hermana Marcela lo que para \u00e9l es la equidad de g\u00e9nero, mediante algunas situaciones de la vida cotidiana que le ocurren en la familia, la escuela, la calle y el trabajo. Este v\u00eddeo tiene como finalidad sensibilizar a los alumnos, alumnas, maestros, maestras y p\u00fablico [&hellip;]<\/p>\n","protected":false},"author":1,"featured_media":0,"comment_status":"closed","ping_status":"open","sticky":false,"template":"","format":"standard","meta":{"footnotes":""},"categories":[1],"tags":[83,404,68,403,329,21,294],"class_list":["post-352","post","type-post","status-publish","format-standard","hentry","category-uncategorized","tag-equidad-de-genero","tag-hombres","tag-jalisco","tag-jose","tag-mujeres","tag-primarias","tag-respeto"],"_links":{"self":[{"href":"https:\/\/www.dhnet.org.mx\/archivo\/wp-json\/wp\/v2\/posts\/352","targetHints":{"allow":["GET"]}}],"collection":[{"href":"https:\/\/www.dhnet.org.mx\/archivo\/wp-json\/wp\/v2\/posts"}],"about":[{"href":"https:\/\/www.dhnet.org.mx\/archivo\/wp-json\/wp\/v2\/types\/post"}],"author":[{"embeddable":true,"href":"https:\/\/www.dhnet.org.mx\/archivo\/wp-json\/wp\/v2\/users\/1"}],"replies":[{"embeddable":true,"href":"https:\/\/www.dhnet.org.mx\/archivo\/wp-json\/wp\/v2\/comments?post=352"}],"version-history":[{"count":7,"href":"https:\/\/www.dhnet.org.mx\/archivo\/wp-json\/wp\/v2\/posts\/352\/revisions"}],"predecessor-version":[{"id":3959,"href":"https:\/\/www.dhnet.org.mx\/archivo\/wp-json\/wp\/v2\/posts\/352\/revisions\/3959"}],"wp:attachment":[{"href":"https:\/\/www.dhnet.org.mx\/archivo\/wp-json\/wp\/v2\/media?parent=352"}],"wp:term":[{"taxonomy":"category","embeddable":true,"href":"https:\/\/www.dhnet.org.mx\/archivo\/wp-json\/wp\/v2\/categories?post=352"},{"taxonomy":"post_tag","embeddable":true,"href":"https:\/\/www.dhnet.org.mx\/archivo\/wp-json\/wp\/v2\/tags?post=352"}],"curies":[{"name":"wp","href":"https:\/\/api.w.org\/{rel}","templated":true}]}}