{"id":3496,"date":"2015-03-27T10:18:05","date_gmt":"2015-03-27T16:18:05","guid":{"rendered":"http:\/\/www.dhnet.org.mx\/archivo\/?p=3496"},"modified":"2017-05-18T11:05:31","modified_gmt":"2017-05-18T16:05:31","slug":"entrevista-al-dr-manuel-m-paez-monges-presidente-de-la-fio-iberoamerica-habla","status":"publish","type":"post","link":"https:\/\/www.dhnet.org.mx\/archivo\/entrevista-al-dr-manuel-m-paez-monges-presidente-de-la-fio-iberoamerica-habla\/","title":{"rendered":"Entrevista al Dr. Manuel M. P\u00e1ez Monges, Presidente de la FIO &#8211; Iberoam\u00e9rica Habla"},"content":{"rendered":"<p><strong>Iberoam\u00e9rica Habla<\/strong> presenta la entrevista realizada al Presidente de la Federaci\u00f3n Iberoam\u00e9rica del Ombudsman y Defensor del Pueblo de la Republica de Paraguay, al Dr. Manuel Mar\u00eda P\u00e1ez Monges.<\/p>\n<p><iframe title=\"Dr. Manuel M. P\u00e1ez Monges, Pdte de la FIO - Iberoamerica Habla\" width=\"800\" height=\"450\" src=\"https:\/\/www.youtube.com\/embed\/TAi0rbRrP2I?feature=oembed\" frameborder=\"0\" allow=\"accelerometer; autoplay; clipboard-write; encrypted-media; gyroscope; picture-in-picture; web-share\" referrerpolicy=\"strict-origin-when-cross-origin\" allowfullscreen><\/iframe><\/p>\n<p>DHNET<\/p>\n<blockquote class=\"wp-embedded-content\" data-secret=\"D5JasXzZLe\"><p><a href=\"https:\/\/dhnet.org.mx\/\">Home<\/a><\/p><\/blockquote>\n<p><iframe class=\"wp-embedded-content\" sandbox=\"allow-scripts\" security=\"restricted\" style=\"position: absolute; visibility: hidden;\" title=\"&#8220;Home&#8221; &#8212; DHNET\" src=\"https:\/\/dhnet.org.mx\/embed\/#?secret=EDfyNwsY6i#?secret=D5JasXzZLe\" data-secret=\"D5JasXzZLe\" width=\"600\" height=\"338\" frameborder=\"0\" marginwidth=\"0\" marginheight=\"0\" scrolling=\"no\"><\/iframe><\/p>\n<p>CEDH Chihuahua<br \/>\nhttp:\/\/www.cedhchihuahua.org.mx<\/p>\n","protected":false},"excerpt":{"rendered":"<p>Iberoam\u00e9rica Habla presenta la entrevista realizada al Presidente de la Federaci\u00f3n Iberoam\u00e9rica del Ombudsman y Defensor del Pueblo de la Republica de Paraguay, al Dr. Manuel Mar\u00eda P\u00e1ez Monges. DHNET Home CEDH Chihuahua http:\/\/www.cedhchihuahua.org.mx<\/p>\n","protected":false},"author":1,"featured_media":3605,"comment_status":"closed","ping_status":"closed","sticky":false,"template":"","format":"standard","meta":{"footnotes":""},"categories":[878],"tags":[7,6,104,669,768],"class_list":["post-3496","post","type-post","status-publish","format-standard","has-post-thumbnail","hentry","category-derechos-humanos","tag-cedh","tag-dhnet","tag-federacion-iberoamericana-del-ombudsman","tag-iberoamerica-habla","tag-manuel-m-paez-monges"],"_links":{"self":[{"href":"https:\/\/www.dhnet.org.mx\/archivo\/wp-json\/wp\/v2\/posts\/3496","targetHints":{"allow":["GET"]}}],"collection":[{"href":"https:\/\/www.dhnet.org.mx\/archivo\/wp-json\/wp\/v2\/posts"}],"about":[{"href":"https:\/\/www.dhnet.org.mx\/archivo\/wp-json\/wp\/v2\/types\/post"}],"author":[{"embeddable":true,"href":"https:\/\/www.dhnet.org.mx\/archivo\/wp-json\/wp\/v2\/users\/1"}],"replies":[{"embeddable":true,"href":"https:\/\/www.dhnet.org.mx\/archivo\/wp-json\/wp\/v2\/comments?post=3496"}],"version-history":[{"count":2,"href":"https:\/\/www.dhnet.org.mx\/archivo\/wp-json\/wp\/v2\/posts\/3496\/revisions"}],"predecessor-version":[{"id":3498,"href":"https:\/\/www.dhnet.org.mx\/archivo\/wp-json\/wp\/v2\/posts\/3496\/revisions\/3498"}],"wp:featuredmedia":[{"embeddable":true,"href":"https:\/\/www.dhnet.org.mx\/archivo\/wp-json\/wp\/v2\/media\/3605"}],"wp:attachment":[{"href":"https:\/\/www.dhnet.org.mx\/archivo\/wp-json\/wp\/v2\/media?parent=3496"}],"wp:term":[{"taxonomy":"category","embeddable":true,"href":"https:\/\/www.dhnet.org.mx\/archivo\/wp-json\/wp\/v2\/categories?post=3496"},{"taxonomy":"post_tag","embeddable":true,"href":"https:\/\/www.dhnet.org.mx\/archivo\/wp-json\/wp\/v2\/tags?post=3496"}],"curies":[{"name":"wp","href":"https:\/\/api.w.org\/{rel}","templated":true}]}}