{"id":3488,"date":"2015-01-13T11:22:13","date_gmt":"2015-01-13T17:22:13","guid":{"rendered":"http:\/\/www.dhnet.org.mx\/archivo\/?p=3488"},"modified":"2017-05-24T10:16:34","modified_gmt":"2017-05-24T15:16:34","slug":"derecho-a-un-nombre-y-una-nacionalidad-deni","status":"publish","type":"post","link":"https:\/\/www.dhnet.org.mx\/archivo\/derecho-a-un-nombre-y-una-nacionalidad-deni\/","title":{"rendered":"\u00a1Derecho a un nombre y una nacionalidad! &#8211; Deni"},"content":{"rendered":"<p><iframe title=\"Derecho a un Nombre y a una Nacionalidad - Deni y los Derechos de las Ni\u00f1as y los Ni\u00f1os\" width=\"800\" height=\"450\" src=\"https:\/\/www.youtube.com\/embed\/z9vyYuKEtaQ?feature=oembed\" frameborder=\"0\" allow=\"accelerometer; autoplay; clipboard-write; encrypted-media; gyroscope; picture-in-picture; web-share\" referrerpolicy=\"strict-origin-when-cross-origin\" allowfullscreen><\/iframe><\/p>\n<p>En este cap\u00edtulo de \u00abDeni y los Derechos de las Ni\u00f1as y los ni\u00f1os\u00bb, Diafi conoce a un ni\u00f1o rar\u00e1muri y juntos aprenden sobre su Derecho a un Nombre, a una Nacionalidad y el derecho a la familia.<\/p>\n<p>Este material es realizado por la Comisi\u00f3n Estatal de los Derechos Humanos a trav\u00e9s de su canal de televisi\u00f3n por Internet DHNET (www.dhnet.org.mx).<\/p>\n<p>La primera temporada de la serie \u201cDENI y los derechos de las ni\u00f1as y los ni\u00f1os\u201d fue realizada en colaboraci\u00f3n con la Universidad Pedag\u00f3gica Nacional del Estado de Chihuahua y est\u00e1 integrada por ocho cap\u00edtulos que abordan entre otros temas la solidaridad, discapacidad, participaci\u00f3n y bullying.<\/p>\n<p>Para mayor informaci\u00f3n:<br \/>\nwww.dhnet.org.mx<\/p>\n","protected":false},"excerpt":{"rendered":"<p>En este cap\u00edtulo de \u00abDeni y los Derechos de las Ni\u00f1as y los ni\u00f1os\u00bb, Diafi conoce a un ni\u00f1o rar\u00e1muri y juntos aprenden sobre su Derecho a un Nombre, a una Nacionalidad y el derecho a la familia. Este material es realizado por la Comisi\u00f3n Estatal de los Derechos Humanos a trav\u00e9s de su canal [&hellip;]<\/p>\n","protected":false},"author":1,"featured_media":3489,"comment_status":"closed","ping_status":"closed","sticky":false,"template":"","format":"video","meta":{"footnotes":""},"categories":[882],"tags":[7,220,797,6,767],"class_list":["post-3488","post","type-post","status-publish","format-video","has-post-thumbnail","hentry","category-infantiles","tag-cedh","tag-deni","tag-derechos-humanos","tag-dhnet","tag-nacionalidad","post_format-video"],"_links":{"self":[{"href":"https:\/\/www.dhnet.org.mx\/archivo\/wp-json\/wp\/v2\/posts\/3488","targetHints":{"allow":["GET"]}}],"collection":[{"href":"https:\/\/www.dhnet.org.mx\/archivo\/wp-json\/wp\/v2\/posts"}],"about":[{"href":"https:\/\/www.dhnet.org.mx\/archivo\/wp-json\/wp\/v2\/types\/post"}],"author":[{"embeddable":true,"href":"https:\/\/www.dhnet.org.mx\/archivo\/wp-json\/wp\/v2\/users\/1"}],"replies":[{"embeddable":true,"href":"https:\/\/www.dhnet.org.mx\/archivo\/wp-json\/wp\/v2\/comments?post=3488"}],"version-history":[{"count":2,"href":"https:\/\/www.dhnet.org.mx\/archivo\/wp-json\/wp\/v2\/posts\/3488\/revisions"}],"predecessor-version":[{"id":4615,"href":"https:\/\/www.dhnet.org.mx\/archivo\/wp-json\/wp\/v2\/posts\/3488\/revisions\/4615"}],"wp:featuredmedia":[{"embeddable":true,"href":"https:\/\/www.dhnet.org.mx\/archivo\/wp-json\/wp\/v2\/media\/3489"}],"wp:attachment":[{"href":"https:\/\/www.dhnet.org.mx\/archivo\/wp-json\/wp\/v2\/media?parent=3488"}],"wp:term":[{"taxonomy":"category","embeddable":true,"href":"https:\/\/www.dhnet.org.mx\/archivo\/wp-json\/wp\/v2\/categories?post=3488"},{"taxonomy":"post_tag","embeddable":true,"href":"https:\/\/www.dhnet.org.mx\/archivo\/wp-json\/wp\/v2\/tags?post=3488"}],"curies":[{"name":"wp","href":"https:\/\/api.w.org\/{rel}","templated":true}]}}