{"id":3485,"date":"2015-01-12T11:17:19","date_gmt":"2015-01-12T17:17:19","guid":{"rendered":"http:\/\/www.dhnet.org.mx\/archivo\/?p=3485"},"modified":"2017-05-24T10:16:47","modified_gmt":"2017-05-24T15:16:47","slug":"discapacidad-deni-y-los-derechos-de-las-ninas-y-los-ninos","status":"publish","type":"post","link":"https:\/\/www.dhnet.org.mx\/archivo\/discapacidad-deni-y-los-derechos-de-las-ninas-y-los-ninos\/","title":{"rendered":"Discapacidad &#8211; Deni y los Derechos de las Ni\u00f1as y los Ni\u00f1os"},"content":{"rendered":"<p><iframe title=\"Discapacidad - Deni y los Derechos de las Ni\u00f1as y los Ni\u00f1os\" width=\"800\" height=\"450\" src=\"https:\/\/www.youtube.com\/embed\/nA_3znTLdnQ?feature=oembed\" frameborder=\"0\" allow=\"accelerometer; autoplay; clipboard-write; encrypted-media; gyroscope; picture-in-picture; web-share\" referrerpolicy=\"strict-origin-when-cross-origin\" allowfullscreen><\/iframe><\/p>\n<p>\u00abDeni y los Derechos de las Ni\u00f1as y los ni\u00f1os\u00bb, es la serie infantil que busca que la ni\u00f1ez aprenda y viva los Derechos Humanos, los valores y sus responsabilidades.<\/p>\n<p>Este material es realizado por la Comisi\u00f3n Estatal de los Derechos Humanos a trav\u00e9s de su canal de televisi\u00f3n por Internet DHNET (www.dhnet.org.mx).<\/p>\n<p>La primera temporada de la serie \u201cDENI y los derechos de las ni\u00f1as y los ni\u00f1os\u201d fue realizada en colaboraci\u00f3n con la Universidad Pedag\u00f3gica Nacional del Estado de Chihuahua y est\u00e1 integrada por ocho cap\u00edtulos que abordan entre otros temas la solidaridad, discapacidad, participaci\u00f3n y bullying.<\/p>\n<p>Para mayor informaci\u00f3n:<br \/>\nwww.dhnet.org.mx<\/p>\n","protected":false},"excerpt":{"rendered":"<p>\u00abDeni y los Derechos de las Ni\u00f1as y los ni\u00f1os\u00bb, es la serie infantil que busca que la ni\u00f1ez aprenda y viva los Derechos Humanos, los valores y sus responsabilidades. Este material es realizado por la Comisi\u00f3n Estatal de los Derechos Humanos a trav\u00e9s de su canal de televisi\u00f3n por Internet DHNET (www.dhnet.org.mx). La primera [&hellip;]<\/p>\n","protected":false},"author":1,"featured_media":3486,"comment_status":"closed","ping_status":"closed","sticky":false,"template":"","format":"video","meta":{"footnotes":""},"categories":[882],"tags":[7,220,6,766],"class_list":["post-3485","post","type-post","status-publish","format-video","has-post-thumbnail","hentry","category-infantiles","tag-cedh","tag-deni","tag-dhnet","tag-discapacidad","post_format-video"],"_links":{"self":[{"href":"https:\/\/www.dhnet.org.mx\/archivo\/wp-json\/wp\/v2\/posts\/3485","targetHints":{"allow":["GET"]}}],"collection":[{"href":"https:\/\/www.dhnet.org.mx\/archivo\/wp-json\/wp\/v2\/posts"}],"about":[{"href":"https:\/\/www.dhnet.org.mx\/archivo\/wp-json\/wp\/v2\/types\/post"}],"author":[{"embeddable":true,"href":"https:\/\/www.dhnet.org.mx\/archivo\/wp-json\/wp\/v2\/users\/1"}],"replies":[{"embeddable":true,"href":"https:\/\/www.dhnet.org.mx\/archivo\/wp-json\/wp\/v2\/comments?post=3485"}],"version-history":[{"count":2,"href":"https:\/\/www.dhnet.org.mx\/archivo\/wp-json\/wp\/v2\/posts\/3485\/revisions"}],"predecessor-version":[{"id":4614,"href":"https:\/\/www.dhnet.org.mx\/archivo\/wp-json\/wp\/v2\/posts\/3485\/revisions\/4614"}],"wp:featuredmedia":[{"embeddable":true,"href":"https:\/\/www.dhnet.org.mx\/archivo\/wp-json\/wp\/v2\/media\/3486"}],"wp:attachment":[{"href":"https:\/\/www.dhnet.org.mx\/archivo\/wp-json\/wp\/v2\/media?parent=3485"}],"wp:term":[{"taxonomy":"category","embeddable":true,"href":"https:\/\/www.dhnet.org.mx\/archivo\/wp-json\/wp\/v2\/categories?post=3485"},{"taxonomy":"post_tag","embeddable":true,"href":"https:\/\/www.dhnet.org.mx\/archivo\/wp-json\/wp\/v2\/tags?post=3485"}],"curies":[{"name":"wp","href":"https:\/\/api.w.org\/{rel}","templated":true}]}}