{"id":342,"date":"2010-01-07T11:53:07","date_gmt":"2010-01-07T17:53:07","guid":{"rendered":"http:\/\/www.dhnet.org.mx\/v2\/?p=342"},"modified":"2012-03-16T14:06:31","modified_gmt":"2012-03-16T20:06:31","slug":"ser-o-no-ser-educacion-a-favor-de-la-vida","status":"publish","type":"post","link":"https:\/\/www.dhnet.org.mx\/archivo\/ser-o-no-ser-educacion-a-favor-de-la-vida\/","title":{"rendered":"Ser o no ser &#8211; Educaci\u00f3n a favor de la vida"},"content":{"rendered":"<p>\u00abSer o no ser &#8211; Educaci\u00f3n a favor de la vida\u00bb contiene el testimonio de tres j\u00f3venes que en alguna etapa de su vida intentaron quitarse la vida. Este documental contiene situaciones y soluciones preventivas desde el aula y el hogar, con ayuda del maestro y los padres de familia<\/p>\n<p>Aqu\u00ed se muestran las causas y soluciones expuestas por los mismos j\u00f3venes, combinadas con entrevistas a profesionales que tratan d\u00eda a d\u00eda las crisis de suicidas juveniles.<\/p>\n<p>Duraci\u00f3n: 25 min aprox.<\/p>\n<p>[flowplayer src=http:\/\/dhnet.org.mx\/videos\/jalisco\/ser_o_no_ser.flv, width=540, height=360, splash=http:\/\/www.dhnet.org.mx\/v2\/wp-content\/uploads\/2010\/05\/jal-seronoser.jpg]<\/p>\n<p>[bajar file=\u00bbhttp:\/\/dhnet.org.mx\/videos\/jalisco\/ser_o_no_ser.flv\u00bb title=\u00bbSer o no ser &#8211; Educaci\u00f3n a favor de la vida\u00bb]<\/p>\n","protected":false},"excerpt":{"rendered":"<p>\u00abSer o no ser &#8211; Educaci\u00f3n a favor de la vida\u00bb contiene el testimonio de tres j\u00f3venes que en alguna etapa de su vida intentaron quitarse la vida. Este documental contiene situaciones y soluciones preventivas desde el aula y el hogar, con ayuda del maestro y los padres de familia Aqu\u00ed se muestran las causas [&hellip;]<\/p>\n","protected":false},"author":1,"featured_media":0,"comment_status":"closed","ping_status":"open","sticky":false,"template":"","format":"standard","meta":{"footnotes":""},"categories":[1],"tags":[74,397,68,796,396,394,77,395,398],"class_list":["post-342","post","type-post","status-publish","format-standard","hentry","category-uncategorized","tag-adolescentes","tag-aula","tag-jalisco","tag-jovenes","tag-padres-de-familia","tag-ser-o-no-ser-educacion-a-favor-de-la-vida","tag-suicidio","tag-testimonio","tag-vida"],"_links":{"self":[{"href":"https:\/\/www.dhnet.org.mx\/archivo\/wp-json\/wp\/v2\/posts\/342","targetHints":{"allow":["GET"]}}],"collection":[{"href":"https:\/\/www.dhnet.org.mx\/archivo\/wp-json\/wp\/v2\/posts"}],"about":[{"href":"https:\/\/www.dhnet.org.mx\/archivo\/wp-json\/wp\/v2\/types\/post"}],"author":[{"embeddable":true,"href":"https:\/\/www.dhnet.org.mx\/archivo\/wp-json\/wp\/v2\/users\/1"}],"replies":[{"embeddable":true,"href":"https:\/\/www.dhnet.org.mx\/archivo\/wp-json\/wp\/v2\/comments?post=342"}],"version-history":[{"count":4,"href":"https:\/\/www.dhnet.org.mx\/archivo\/wp-json\/wp\/v2\/posts\/342\/revisions"}],"predecessor-version":[{"id":2028,"href":"https:\/\/www.dhnet.org.mx\/archivo\/wp-json\/wp\/v2\/posts\/342\/revisions\/2028"}],"wp:attachment":[{"href":"https:\/\/www.dhnet.org.mx\/archivo\/wp-json\/wp\/v2\/media?parent=342"}],"wp:term":[{"taxonomy":"category","embeddable":true,"href":"https:\/\/www.dhnet.org.mx\/archivo\/wp-json\/wp\/v2\/categories?post=342"},{"taxonomy":"post_tag","embeddable":true,"href":"https:\/\/www.dhnet.org.mx\/archivo\/wp-json\/wp\/v2\/tags?post=342"}],"curies":[{"name":"wp","href":"https:\/\/api.w.org\/{rel}","templated":true}]}}