{"id":326,"date":"2009-11-24T13:28:14","date_gmt":"2009-11-24T19:28:14","guid":{"rendered":"http:\/\/www.dhnet.org.mx\/v2\/?p=326"},"modified":"2015-06-23T15:27:57","modified_gmt":"2015-06-23T20:27:57","slug":"el-nacimiento-del-sol","status":"publish","type":"post","link":"https:\/\/www.dhnet.org.mx\/archivo\/el-nacimiento-del-sol\/","title":{"rendered":"El Nacimiento del Sol"},"content":{"rendered":"<p>De la cosmogon\u00eda m\u00e1gica de los ind\u00edgenas Wirrarikas tomamos el mito del nacimiento del sol que se emparenta con muchas versiones nahuas sobre el mismo acontecimiento. El acercamiento de \u00e9ste a los ni\u00f1os es el reconocimiento t\u00e1cito de los or\u00edgenes de nuestra cultura enmarcado en la magia del principio de las cosas, en la mitolog\u00eda prehisp\u00e1nica de los indios huicholes utilizando este tema como un ejercicio de reafirmaci\u00f3n de la autoestima cultural de los ni\u00f1os indios y mestizos.<\/p>\n<p>Duraci\u00f3n: 25 min aprox.<\/p>\n<p>[flowplayer src=\u00bbhttp:\/\/dhnet.org.mx\/videos\/jalisco\/marionetas\/nac_sol.flv\u00bb width=\u00bb540&#8243; height=\u00bb360&#8243;\u00a0splash=\u00bbhttp:\/\/www.dhnet.org.mx\/v2\/wp-content\/uploads\/2010\/05\/mar-nac-sol.jpg\u00bb]<\/p>\n<p>Material did\u00e1ctico multimedia coproducido por la Universidad de Guadalajara, la Direcci\u00f3n de Educaci\u00f3n Especial y el Centro de Desarrollo Tecnol\u00f3gico, dependencia de la Secretearia de Educaci\u00f3n Jalisco, tiraje auspiciado por Alas y Raices para los ni\u00f1os de Jalisco. Secretaria de Cultura.<br \/>\nhttp:\/\/cedetec.jalisco.gob.mx<\/p>\n<p>[bajar file=\u00bbhttp:\/\/dhnet.org.mx\/videos\/jalisco\/marionetas\/nac_sol.flv\u00bb title=\u00bbEl Nacimiento del Sol\u00bb]<\/p>\n","protected":false},"excerpt":{"rendered":"<p>De la cosmogon\u00eda m\u00e1gica de los ind\u00edgenas Wirrarikas tomamos el mito del nacimiento del sol que se emparenta con muchas versiones nahuas sobre el mismo acontecimiento. El acercamiento de \u00e9ste a los ni\u00f1os es el reconocimiento t\u00e1cito de los or\u00edgenes de nuestra cultura enmarcado en la magia del principio de las cosas, en la mitolog\u00eda [&hellip;]<\/p>\n","protected":false},"author":1,"featured_media":0,"comment_status":"closed","ping_status":"open","sticky":false,"template":"","format":"standard","meta":{"footnotes":""},"categories":[1],"tags":[372,369,353,69,72,354,337,68,374,375,373,280,371,370],"class_list":["post-326","post","type-post","status-publish","format-standard","hentry","category-uncategorized","tag-autoestima","tag-cosmogonia","tag-cuentos-2","tag-cuentos-educativos","tag-cultura","tag-historias","tag-indigenas","tag-jalisco","tag-magia","tag-marionetas","tag-material-didactico-multimedia","tag-ninos","tag-prehispanica","tag-wirrarikas"],"_links":{"self":[{"href":"https:\/\/www.dhnet.org.mx\/archivo\/wp-json\/wp\/v2\/posts\/326","targetHints":{"allow":["GET"]}}],"collection":[{"href":"https:\/\/www.dhnet.org.mx\/archivo\/wp-json\/wp\/v2\/posts"}],"about":[{"href":"https:\/\/www.dhnet.org.mx\/archivo\/wp-json\/wp\/v2\/types\/post"}],"author":[{"embeddable":true,"href":"https:\/\/www.dhnet.org.mx\/archivo\/wp-json\/wp\/v2\/users\/1"}],"replies":[{"embeddable":true,"href":"https:\/\/www.dhnet.org.mx\/archivo\/wp-json\/wp\/v2\/comments?post=326"}],"version-history":[{"count":8,"href":"https:\/\/www.dhnet.org.mx\/archivo\/wp-json\/wp\/v2\/posts\/326\/revisions"}],"predecessor-version":[{"id":3510,"href":"https:\/\/www.dhnet.org.mx\/archivo\/wp-json\/wp\/v2\/posts\/326\/revisions\/3510"}],"wp:attachment":[{"href":"https:\/\/www.dhnet.org.mx\/archivo\/wp-json\/wp\/v2\/media?parent=326"}],"wp:term":[{"taxonomy":"category","embeddable":true,"href":"https:\/\/www.dhnet.org.mx\/archivo\/wp-json\/wp\/v2\/categories?post=326"},{"taxonomy":"post_tag","embeddable":true,"href":"https:\/\/www.dhnet.org.mx\/archivo\/wp-json\/wp\/v2\/tags?post=326"}],"curies":[{"name":"wp","href":"https:\/\/api.w.org\/{rel}","templated":true}]}}