{"id":3125,"date":"2013-11-25T13:04:10","date_gmt":"2013-11-25T19:04:10","guid":{"rendered":"http:\/\/www.dhnet.org.mx\/archivo\/?p=3125"},"modified":"2017-05-18T11:03:41","modified_gmt":"2017-05-18T16:03:41","slug":"entrevista-con-victor-galarza-defensor-del-pueblo-de-la-provincia-de-jujuy","status":"publish","type":"post","link":"https:\/\/www.dhnet.org.mx\/archivo\/entrevista-con-victor-galarza-defensor-del-pueblo-de-la-provincia-de-jujuy\/","title":{"rendered":"Entrevista con V\u00edctor Galarza, Defensor del Pueblo de la Provincia de Jujuy"},"content":{"rendered":"<p>Las ni\u00f1as y los ni\u00f1os, cuyo nacimiento no ha sido registrado se encuentran en una situaci\u00f3n de invisibilidad para el Estado y la sociedad. No solo se les cercena el derecho a la identidad por falta de documentos, sino que tambi\u00e9n se les impide ejercer otros derechos fundamentales.<\/p>\n<p>En Am\u00e9rica Latina y el Caribe alrededor del 10 por ciento de las ni\u00f1as y los ni\u00f1os menores de 5 a\u00f1os no son registrados al nacer. Por ello, el Defensor del Pueblo de Jujuy, Argentina, trabaj\u00f3 en la construcci\u00f3n del Programa denominado \u00abVICTIMAS INVISIBLES\u00bb para prevenir e intervenir ante situaciones que vulneran los derechos a la Identidad y el registro de personas reci\u00e9n nacidas en su regi\u00f3n. En Iberoam\u00e9rica Habla conoceremos los resultados que se han obtenido de este trabajo&#8230;<\/p>\n<p><iframe src=\"\/\/www.youtube.com\/embed\/JAFWHK9dCOU\" width=\"620\" height=\"349\" frameborder=\"0\" allowfullscreen=\"allowfullscreen\"><\/iframe><\/p>\n","protected":false},"excerpt":{"rendered":"<p>Las ni\u00f1as y los ni\u00f1os, cuyo nacimiento no ha sido registrado se encuentran en una situaci\u00f3n de invisibilidad para el Estado y la sociedad. No solo se les cercena el derecho a la identidad por falta de documentos, sino que tambi\u00e9n se les impide ejercer otros derechos fundamentales. En Am\u00e9rica Latina y el Caribe alrededor [&hellip;]<\/p>\n","protected":false},"author":1,"featured_media":3605,"comment_status":"closed","ping_status":"open","sticky":false,"template":"","format":"video","meta":{"footnotes":""},"categories":[878],"tags":[685,7,213,797,104,669,715,714],"class_list":["post-3125","post","type-post","status-publish","format-video","has-post-thumbnail","hentry","category-derechos-humanos","tag-argentina","tag-cedh","tag-ddhh","tag-derechos-humanos","tag-federacion-iberoamericana-del-ombudsman","tag-iberoamerica-habla","tag-identidad","tag-jujuy","post_format-post-format-video"],"_links":{"self":[{"href":"https:\/\/www.dhnet.org.mx\/archivo\/wp-json\/wp\/v2\/posts\/3125","targetHints":{"allow":["GET"]}}],"collection":[{"href":"https:\/\/www.dhnet.org.mx\/archivo\/wp-json\/wp\/v2\/posts"}],"about":[{"href":"https:\/\/www.dhnet.org.mx\/archivo\/wp-json\/wp\/v2\/types\/post"}],"author":[{"embeddable":true,"href":"https:\/\/www.dhnet.org.mx\/archivo\/wp-json\/wp\/v2\/users\/1"}],"replies":[{"embeddable":true,"href":"https:\/\/www.dhnet.org.mx\/archivo\/wp-json\/wp\/v2\/comments?post=3125"}],"version-history":[{"count":2,"href":"https:\/\/www.dhnet.org.mx\/archivo\/wp-json\/wp\/v2\/posts\/3125\/revisions"}],"predecessor-version":[{"id":3626,"href":"https:\/\/www.dhnet.org.mx\/archivo\/wp-json\/wp\/v2\/posts\/3125\/revisions\/3626"}],"wp:featuredmedia":[{"embeddable":true,"href":"https:\/\/www.dhnet.org.mx\/archivo\/wp-json\/wp\/v2\/media\/3605"}],"wp:attachment":[{"href":"https:\/\/www.dhnet.org.mx\/archivo\/wp-json\/wp\/v2\/media?parent=3125"}],"wp:term":[{"taxonomy":"category","embeddable":true,"href":"https:\/\/www.dhnet.org.mx\/archivo\/wp-json\/wp\/v2\/categories?post=3125"},{"taxonomy":"post_tag","embeddable":true,"href":"https:\/\/www.dhnet.org.mx\/archivo\/wp-json\/wp\/v2\/tags?post=3125"}],"curies":[{"name":"wp","href":"https:\/\/api.w.org\/{rel}","templated":true}]}}