{"id":2686,"date":"2012-08-23T12:10:42","date_gmt":"2012-08-23T17:10:42","guid":{"rendered":"http:\/\/www.dhnet.org.mx\/archivo\/?p=2686"},"modified":"2017-05-24T13:13:21","modified_gmt":"2017-05-24T18:13:21","slug":"tu-derecho-a-saber-educacion-inclusiva-a-personas-con-discapacidad","status":"publish","type":"post","link":"https:\/\/www.dhnet.org.mx\/archivo\/tu-derecho-a-saber-educacion-inclusiva-a-personas-con-discapacidad\/","title":{"rendered":"Tu Derecho a Saber: Educaci\u00f3n inclusiva a personas con Discapacidad"},"content":{"rendered":"<p>\u00abTu Derecho a Saber\u00bb, la serie que instruye y promueve los derechos humanos, tiene como objetivo en esta emisi\u00f3n, promover los derechos de las personas con discapacidad para una educaci\u00f3n inclusiva.<\/p>\n<p>\u00abTu derecho a saber\u00bb<br \/>\nUna producci\u00f3n de DHNET Televisi\u00f3n Derechos Humanista de la Comisi\u00f3n Estatal de Derechos Humanos del Estado de Chihuahua.<\/p>\n<p><iframe title=\"Tu Derecho a Saber: Educaci\u00f3n inclusiva a personas con Discapacidad\" width=\"800\" height=\"450\" src=\"https:\/\/www.youtube.com\/embed\/Hl9sbVQS5zE?feature=oembed\" frameborder=\"0\" allow=\"accelerometer; autoplay; clipboard-write; encrypted-media; gyroscope; picture-in-picture; web-share\" referrerpolicy=\"strict-origin-when-cross-origin\" allowfullscreen><\/iframe><\/p>\n","protected":false},"excerpt":{"rendered":"<p>\u00abTu Derecho a Saber\u00bb, la serie que instruye y promueve los derechos humanos, tiene como objetivo en esta emisi\u00f3n, promover los derechos de las personas con discapacidad para una educaci\u00f3n inclusiva. \u00abTu derecho a saber\u00bb Una producci\u00f3n de DHNET Televisi\u00f3n Derechos Humanista de la Comisi\u00f3n Estatal de Derechos Humanos del Estado de Chihuahua.<\/p>\n","protected":false},"author":1,"featured_media":2687,"comment_status":"closed","ping_status":"open","sticky":false,"template":"","format":"standard","meta":{"footnotes":""},"categories":[878,877],"tags":[619,281,621,618,808],"class_list":["post-2686","post","type-post","status-publish","format-standard","has-post-thumbnail","hentry","category-derechos-humanos","category-igualdad","tag-discapacitados","tag-educacion-2","tag-educacion-inlcusiva","tag-personas-con-discapacidad","tag-tu-derecho-a-saber"],"_links":{"self":[{"href":"https:\/\/www.dhnet.org.mx\/archivo\/wp-json\/wp\/v2\/posts\/2686","targetHints":{"allow":["GET"]}}],"collection":[{"href":"https:\/\/www.dhnet.org.mx\/archivo\/wp-json\/wp\/v2\/posts"}],"about":[{"href":"https:\/\/www.dhnet.org.mx\/archivo\/wp-json\/wp\/v2\/types\/post"}],"author":[{"embeddable":true,"href":"https:\/\/www.dhnet.org.mx\/archivo\/wp-json\/wp\/v2\/users\/1"}],"replies":[{"embeddable":true,"href":"https:\/\/www.dhnet.org.mx\/archivo\/wp-json\/wp\/v2\/comments?post=2686"}],"version-history":[{"count":1,"href":"https:\/\/www.dhnet.org.mx\/archivo\/wp-json\/wp\/v2\/posts\/2686\/revisions"}],"predecessor-version":[{"id":2688,"href":"https:\/\/www.dhnet.org.mx\/archivo\/wp-json\/wp\/v2\/posts\/2686\/revisions\/2688"}],"wp:featuredmedia":[{"embeddable":true,"href":"https:\/\/www.dhnet.org.mx\/archivo\/wp-json\/wp\/v2\/media\/2687"}],"wp:attachment":[{"href":"https:\/\/www.dhnet.org.mx\/archivo\/wp-json\/wp\/v2\/media?parent=2686"}],"wp:term":[{"taxonomy":"category","embeddable":true,"href":"https:\/\/www.dhnet.org.mx\/archivo\/wp-json\/wp\/v2\/categories?post=2686"},{"taxonomy":"post_tag","embeddable":true,"href":"https:\/\/www.dhnet.org.mx\/archivo\/wp-json\/wp\/v2\/tags?post=2686"}],"curies":[{"name":"wp","href":"https:\/\/api.w.org\/{rel}","templated":true}]}}