{"id":2683,"date":"2012-08-23T12:07:23","date_gmt":"2012-08-23T17:07:23","guid":{"rendered":"http:\/\/www.dhnet.org.mx\/archivo\/?p=2683"},"modified":"2017-05-24T13:13:42","modified_gmt":"2017-05-24T18:13:42","slug":"tu-derecho-a-saber-trabajo-y-capacitacion-a-personas-con-discapacidad","status":"publish","type":"post","link":"https:\/\/www.dhnet.org.mx\/archivo\/tu-derecho-a-saber-trabajo-y-capacitacion-a-personas-con-discapacidad\/","title":{"rendered":"Tu Derecho a Saber: Trabajo y Capacitaci\u00f3n a personas con Discapacidad"},"content":{"rendered":"<p>\u00abTu Derecho a saber\u00bb, la serie que instruye y promueve los Derechos Humanos, tiene como objetivo en esta emisi\u00f3n promover los derechos de las personas con discapacidad, a tener un empleo y obtener capacitaci\u00f3n con igualdad de oportunidades, fomentando as\u00ed la igualdad y el respeto en el \u00e1mbito laboral.<\/p>\n<p>\u00abTu Derecho a Saber\u00bb<br \/>\nUna producci\u00f3n de DHNET, Televisi\u00f3n Derecho Humanista, de la Comisi\u00f3n Estatal de los Derechos Humanos de Chihuahua.<\/p>\n<p><iframe title=\"Tu Derecho a Saber: Trabajo y Capacitaci\u00f3n a personas con Discapacidad\" width=\"800\" height=\"450\" src=\"https:\/\/www.youtube.com\/embed\/C7rk3SmLfso?feature=oembed\" frameborder=\"0\" allow=\"accelerometer; autoplay; clipboard-write; encrypted-media; gyroscope; picture-in-picture; web-share\" referrerpolicy=\"strict-origin-when-cross-origin\" allowfullscreen><\/iframe><\/p>\n","protected":false},"excerpt":{"rendered":"<p>\u00abTu Derecho a saber\u00bb, la serie que instruye y promueve los Derechos Humanos, tiene como objetivo en esta emisi\u00f3n promover los derechos de las personas con discapacidad, a tener un empleo y obtener capacitaci\u00f3n con igualdad de oportunidades, fomentando as\u00ed la igualdad y el respeto en el \u00e1mbito laboral. \u00abTu Derecho a Saber\u00bb Una producci\u00f3n [&hellip;]<\/p>\n","protected":false},"author":1,"featured_media":2684,"comment_status":"closed","ping_status":"open","sticky":false,"template":"","format":"standard","meta":{"footnotes":""},"categories":[878,877],"tags":[619,618,620,808],"class_list":["post-2683","post","type-post","status-publish","format-standard","has-post-thumbnail","hentry","category-derechos-humanos","category-igualdad","tag-discapacitados","tag-personas-con-discapacidad","tag-trabajo-y-capacitacion","tag-tu-derecho-a-saber"],"_links":{"self":[{"href":"https:\/\/www.dhnet.org.mx\/archivo\/wp-json\/wp\/v2\/posts\/2683","targetHints":{"allow":["GET"]}}],"collection":[{"href":"https:\/\/www.dhnet.org.mx\/archivo\/wp-json\/wp\/v2\/posts"}],"about":[{"href":"https:\/\/www.dhnet.org.mx\/archivo\/wp-json\/wp\/v2\/types\/post"}],"author":[{"embeddable":true,"href":"https:\/\/www.dhnet.org.mx\/archivo\/wp-json\/wp\/v2\/users\/1"}],"replies":[{"embeddable":true,"href":"https:\/\/www.dhnet.org.mx\/archivo\/wp-json\/wp\/v2\/comments?post=2683"}],"version-history":[{"count":1,"href":"https:\/\/www.dhnet.org.mx\/archivo\/wp-json\/wp\/v2\/posts\/2683\/revisions"}],"predecessor-version":[{"id":2685,"href":"https:\/\/www.dhnet.org.mx\/archivo\/wp-json\/wp\/v2\/posts\/2683\/revisions\/2685"}],"wp:featuredmedia":[{"embeddable":true,"href":"https:\/\/www.dhnet.org.mx\/archivo\/wp-json\/wp\/v2\/media\/2684"}],"wp:attachment":[{"href":"https:\/\/www.dhnet.org.mx\/archivo\/wp-json\/wp\/v2\/media?parent=2683"}],"wp:term":[{"taxonomy":"category","embeddable":true,"href":"https:\/\/www.dhnet.org.mx\/archivo\/wp-json\/wp\/v2\/categories?post=2683"},{"taxonomy":"post_tag","embeddable":true,"href":"https:\/\/www.dhnet.org.mx\/archivo\/wp-json\/wp\/v2\/tags?post=2683"}],"curies":[{"name":"wp","href":"https:\/\/api.w.org\/{rel}","templated":true}]}}