{"id":2676,"date":"2012-08-23T11:59:18","date_gmt":"2012-08-23T16:59:18","guid":{"rendered":"http:\/\/www.dhnet.org.mx\/archivo\/?p=2676"},"modified":"2017-05-24T13:24:32","modified_gmt":"2017-05-24T18:24:32","slug":"profesor-eco-y-los-movilogicos-capitulo-3","status":"publish","type":"post","link":"https:\/\/www.dhnet.org.mx\/archivo\/profesor-eco-y-los-movilogicos-capitulo-3\/","title":{"rendered":"Profesor Eco y los Movil\u00f3gicos &#8211; Capitulo 3"},"content":{"rendered":"<p>3 Cap\u00edtulo de la webserie \u00abEl Profesor Eco y Los Movil\u00f3gicos\u00bb.<\/p>\n<p>Con los consejos del Profesor Eco y sus ayudantes los Movil\u00f3gicos podr\u00e1s aprender conductas ecol\u00f3gicas a trav\u00e9s del Movil. Forma parte del Proyecto Movilog\u00eda realizado por Cines\u00edn en colaboraci\u00f3n con Avocam y el apoyo de la Fundaci\u00f3n Telef\u00f3nica.<\/p>\n<p>Para m\u00e1s informaci\u00f3n www.movilogia.com<\/p>\n<p><iframe title=\"El Profesor ECO y los Movil\u00f3gicos Cap\u00edtulo 3\" width=\"800\" height=\"450\" src=\"https:\/\/www.youtube.com\/embed\/QAYY5H9B8H4?feature=oembed\" frameborder=\"0\" allow=\"accelerometer; autoplay; clipboard-write; encrypted-media; gyroscope; picture-in-picture; web-share\" referrerpolicy=\"strict-origin-when-cross-origin\" allowfullscreen><\/iframe><\/p>\n","protected":false},"excerpt":{"rendered":"<p>3 Cap\u00edtulo de la webserie \u00abEl Profesor Eco y Los Movil\u00f3gicos\u00bb. Con los consejos del Profesor Eco y sus ayudantes los Movil\u00f3gicos podr\u00e1s aprender conductas ecol\u00f3gicas a trav\u00e9s del Movil. Forma parte del Proyecto Movilog\u00eda realizado por Cines\u00edn en colaboraci\u00f3n con Avocam y el apoyo de la Fundaci\u00f3n Telef\u00f3nica. Para m\u00e1s informaci\u00f3n www.movilogia.com<\/p>\n","protected":false},"author":1,"featured_media":2677,"comment_status":"closed","ping_status":"open","sticky":false,"template":"","format":"standard","meta":{"footnotes":""},"categories":[878,877],"tags":[801,615,616],"class_list":["post-2676","post","type-post","status-publish","format-standard","has-post-thumbnail","hentry","category-derechos-humanos","category-igualdad","tag-ecologia","tag-espana","tag-profesor-eco-y-los-movilogicos"],"_links":{"self":[{"href":"https:\/\/www.dhnet.org.mx\/archivo\/wp-json\/wp\/v2\/posts\/2676","targetHints":{"allow":["GET"]}}],"collection":[{"href":"https:\/\/www.dhnet.org.mx\/archivo\/wp-json\/wp\/v2\/posts"}],"about":[{"href":"https:\/\/www.dhnet.org.mx\/archivo\/wp-json\/wp\/v2\/types\/post"}],"author":[{"embeddable":true,"href":"https:\/\/www.dhnet.org.mx\/archivo\/wp-json\/wp\/v2\/users\/1"}],"replies":[{"embeddable":true,"href":"https:\/\/www.dhnet.org.mx\/archivo\/wp-json\/wp\/v2\/comments?post=2676"}],"version-history":[{"count":4,"href":"https:\/\/www.dhnet.org.mx\/archivo\/wp-json\/wp\/v2\/posts\/2676\/revisions"}],"predecessor-version":[{"id":8257,"href":"https:\/\/www.dhnet.org.mx\/archivo\/wp-json\/wp\/v2\/posts\/2676\/revisions\/8257"}],"wp:featuredmedia":[{"embeddable":true,"href":"https:\/\/www.dhnet.org.mx\/archivo\/wp-json\/wp\/v2\/media\/2677"}],"wp:attachment":[{"href":"https:\/\/www.dhnet.org.mx\/archivo\/wp-json\/wp\/v2\/media?parent=2676"}],"wp:term":[{"taxonomy":"category","embeddable":true,"href":"https:\/\/www.dhnet.org.mx\/archivo\/wp-json\/wp\/v2\/categories?post=2676"},{"taxonomy":"post_tag","embeddable":true,"href":"https:\/\/www.dhnet.org.mx\/archivo\/wp-json\/wp\/v2\/tags?post=2676"}],"curies":[{"name":"wp","href":"https:\/\/api.w.org\/{rel}","templated":true}]}}