{"id":2673,"date":"2012-08-23T11:55:19","date_gmt":"2012-08-23T16:55:19","guid":{"rendered":"http:\/\/www.dhnet.org.mx\/archivo\/?p=2673"},"modified":"2017-05-24T13:25:23","modified_gmt":"2017-05-24T18:25:23","slug":"profesor-eco-y-los-movilogicos-capitulo-2","status":"publish","type":"post","link":"https:\/\/www.dhnet.org.mx\/archivo\/profesor-eco-y-los-movilogicos-capitulo-2\/","title":{"rendered":"Profesor Eco y los Movil\u00f3gicos &#8211; Capitulo 2"},"content":{"rendered":"<p>2 Cap\u00edtulo de la webserie \u00abEl Profesor Eco y Los Movil\u00f3gicos\u00bb.<\/p>\n<p>Con los consejos del Profesor Eco y sus ayudantes los Movil\u00f3gicos podr\u00e1s aprender conductas ecol\u00f3gicas a trav\u00e9s del Movil. Forma parte del Proyecto Movilog\u00eda realizado por Cines\u00edn en colaboraci\u00f3n con Avocam y el apoyo de la Fundaci\u00f3n Telef\u00f3nica.<\/p>\n<p>Para m\u00e1s informaci\u00f3n www.movilogia.com<\/p>\n<p><iframe title=\"El Profesor ECO y los Movil\u00f3gicos Cap\u00edtulo 2\" width=\"800\" height=\"450\" src=\"https:\/\/www.youtube.com\/embed\/Q1DDe9r_IAU?feature=oembed\" frameborder=\"0\" allow=\"accelerometer; autoplay; clipboard-write; encrypted-media; gyroscope; picture-in-picture; web-share\" referrerpolicy=\"strict-origin-when-cross-origin\" allowfullscreen><\/iframe><\/p>\n","protected":false},"excerpt":{"rendered":"<p>2 Cap\u00edtulo de la webserie \u00abEl Profesor Eco y Los Movil\u00f3gicos\u00bb. Con los consejos del Profesor Eco y sus ayudantes los Movil\u00f3gicos podr\u00e1s aprender conductas ecol\u00f3gicas a trav\u00e9s del Movil. Forma parte del Proyecto Movilog\u00eda realizado por Cines\u00edn en colaboraci\u00f3n con Avocam y el apoyo de la Fundaci\u00f3n Telef\u00f3nica. Para m\u00e1s informaci\u00f3n www.movilogia.com<\/p>\n","protected":false},"author":1,"featured_media":2674,"comment_status":"closed","ping_status":"open","sticky":false,"template":"","format":"standard","meta":{"footnotes":""},"categories":[878,877],"tags":[],"class_list":["post-2673","post","type-post","status-publish","format-standard","has-post-thumbnail","hentry","category-derechos-humanos","category-igualdad"],"_links":{"self":[{"href":"https:\/\/www.dhnet.org.mx\/archivo\/wp-json\/wp\/v2\/posts\/2673","targetHints":{"allow":["GET"]}}],"collection":[{"href":"https:\/\/www.dhnet.org.mx\/archivo\/wp-json\/wp\/v2\/posts"}],"about":[{"href":"https:\/\/www.dhnet.org.mx\/archivo\/wp-json\/wp\/v2\/types\/post"}],"author":[{"embeddable":true,"href":"https:\/\/www.dhnet.org.mx\/archivo\/wp-json\/wp\/v2\/users\/1"}],"replies":[{"embeddable":true,"href":"https:\/\/www.dhnet.org.mx\/archivo\/wp-json\/wp\/v2\/comments?post=2673"}],"version-history":[{"count":4,"href":"https:\/\/www.dhnet.org.mx\/archivo\/wp-json\/wp\/v2\/posts\/2673\/revisions"}],"predecessor-version":[{"id":8255,"href":"https:\/\/www.dhnet.org.mx\/archivo\/wp-json\/wp\/v2\/posts\/2673\/revisions\/8255"}],"wp:featuredmedia":[{"embeddable":true,"href":"https:\/\/www.dhnet.org.mx\/archivo\/wp-json\/wp\/v2\/media\/2674"}],"wp:attachment":[{"href":"https:\/\/www.dhnet.org.mx\/archivo\/wp-json\/wp\/v2\/media?parent=2673"}],"wp:term":[{"taxonomy":"category","embeddable":true,"href":"https:\/\/www.dhnet.org.mx\/archivo\/wp-json\/wp\/v2\/categories?post=2673"},{"taxonomy":"post_tag","embeddable":true,"href":"https:\/\/www.dhnet.org.mx\/archivo\/wp-json\/wp\/v2\/tags?post=2673"}],"curies":[{"name":"wp","href":"https:\/\/api.w.org\/{rel}","templated":true}]}}