{"id":260,"date":"2009-08-12T11:42:54","date_gmt":"2009-08-12T16:42:54","guid":{"rendered":"http:\/\/www.dhnet.org.mx\/v2\/?p=260"},"modified":"2012-03-16T10:15:07","modified_gmt":"2012-03-16T16:15:07","slug":"ceremonia-de-entrega-de-la-declaracion-universal-de-los-derechos-de-los-pueblos-indigenas","status":"publish","type":"post","link":"https:\/\/www.dhnet.org.mx\/archivo\/ceremonia-de-entrega-de-la-declaracion-universal-de-los-derechos-de-los-pueblos-indigenas\/","title":{"rendered":"Ceremonia de entrega de la Declaraci\u00f3n Universal de los Derechos de los Pueblos Ind\u00edgenas"},"content":{"rendered":"<p><strong>Ceremonia de entrega de la Declaraci\u00f3n Universal de los Derechos de los Pueblos Ind\u00edgenas<\/strong><\/p>\n<p>Ceremonia de entrega oficial de la traducci\u00f3n de la Declaraci\u00f3n de las Naciones Unidas sobre los Pueblos Ind\u00edgenas celebrado en Agosto del 2009.<\/p>\n<p>Duraci\u00f3n: 52min Aprox.<\/p>\n<p>[flowplayer src=http:\/\/dhnet.org.mx\/videos\/derindigenas\/090811_declaracion_indigena.flv, width=540, height=360, splash=http:\/\/www.dhnet.org.mx\/v2\/wp-content\/uploads\/2010\/04\/declaracion-pueblos-indigenas.jpg]<\/p>\n<p>[bajar file=\u00bbhttp:\/\/dhnet.org.mx\/videos\/derindigenas\/090811_declaracion_indigena.flv\u00bb title=\u00bbCeremonia de entrega de la Declaraci\u00f3n Universal de los Derechos de los Pueblos Ind\u00edgenas\u00bb]<\/p>\n","protected":false},"excerpt":{"rendered":"<p>Ceremonio de entrega oficial de la traducci\u00f3n de la Declaraci\u00f3n de las Naciones Unidas sobre los Pueblos Indigenas celebrado el pasado mes de Agosto del 2009<\/p>\n<p>Duraci\u00f3n: 52min Aprox.<\/p>\n","protected":false},"author":1,"featured_media":0,"comment_status":"closed","ping_status":"open","sticky":false,"template":"","format":"standard","meta":{"footnotes":""},"categories":[1],"tags":[333,52,5,54,337,39,55,338],"class_list":["post-260","post","type-post","status-publish","format-standard","hentry","category-uncategorized","tag-ceremonia","tag-ceremonias","tag-chihuahua","tag-declaracion-de-las-naciones-unidas","tag-indigenas","tag-jose-luis-armendariz","tag-pueblos-indigenas","tag-traduccion"],"_links":{"self":[{"href":"https:\/\/www.dhnet.org.mx\/archivo\/wp-json\/wp\/v2\/posts\/260","targetHints":{"allow":["GET"]}}],"collection":[{"href":"https:\/\/www.dhnet.org.mx\/archivo\/wp-json\/wp\/v2\/posts"}],"about":[{"href":"https:\/\/www.dhnet.org.mx\/archivo\/wp-json\/wp\/v2\/types\/post"}],"author":[{"embeddable":true,"href":"https:\/\/www.dhnet.org.mx\/archivo\/wp-json\/wp\/v2\/users\/1"}],"replies":[{"embeddable":true,"href":"https:\/\/www.dhnet.org.mx\/archivo\/wp-json\/wp\/v2\/comments?post=260"}],"version-history":[{"count":8,"href":"https:\/\/www.dhnet.org.mx\/archivo\/wp-json\/wp\/v2\/posts\/260\/revisions"}],"predecessor-version":[{"id":1983,"href":"https:\/\/www.dhnet.org.mx\/archivo\/wp-json\/wp\/v2\/posts\/260\/revisions\/1983"}],"wp:attachment":[{"href":"https:\/\/www.dhnet.org.mx\/archivo\/wp-json\/wp\/v2\/media?parent=260"}],"wp:term":[{"taxonomy":"category","embeddable":true,"href":"https:\/\/www.dhnet.org.mx\/archivo\/wp-json\/wp\/v2\/categories?post=260"},{"taxonomy":"post_tag","embeddable":true,"href":"https:\/\/www.dhnet.org.mx\/archivo\/wp-json\/wp\/v2\/tags?post=260"}],"curies":[{"name":"wp","href":"https:\/\/api.w.org\/{rel}","templated":true}]}}