{"id":2488,"date":"2012-03-19T11:00:04","date_gmt":"2012-03-19T17:00:04","guid":{"rendered":"http:\/\/www.dhnet.org.mx\/archivo\/?p=2488"},"modified":"2017-05-23T10:50:23","modified_gmt":"2017-05-23T15:50:23","slug":"la-reinsercion-social-y-los-derechos-humanos-y-su-vinculacion","status":"publish","type":"post","link":"https:\/\/www.dhnet.org.mx\/archivo\/la-reinsercion-social-y-los-derechos-humanos-y-su-vinculacion\/","title":{"rendered":"La Reinserci\u00f3n Social y los Derechos Humanos y su Vinculaci\u00f3n"},"content":{"rendered":"<p><strong>Guantes de Oro<\/strong><\/p>\n<p>Tema:<br \/>\n<strong>Reinserci\u00f3n Social y Derechos Humanos y su Vinculaci\u00f3n<\/strong><\/p>\n<p>Lic. Roberto Carlos Dominguez<br \/>\n<em>Visitador de la CEDH de Chihuahua<\/em><\/p>\n<p>Lic. Jorge Chairez Daniel<br \/>\n<em>Comunicaci\u00f3n Social de la FEDP<\/em><\/p>\n<p>[flowplayer src=\u00bbhttp:\/\/www.dhnet.org.mx\/videos\/2012\/box2012\/02-entrevistachairez.mp4&#8243; width=\u00bb540&#8243; height=\u00bb360&#8243; splash=\u00bbhttp:\/\/www.dhnet.org.mx\/archivo\/wp-content\/uploads\/2012\/04\/02-entrevistachairez.jpg\u00bb]<\/p>\n","protected":false},"excerpt":{"rendered":"<p>Guantes de Oro Tema: Reinserci\u00f3n Social y Derechos Humanos y su Vinculaci\u00f3n Lic. Roberto Carlos Dominguez Visitador de la CEDH de Chihuahua Lic. Jorge Chairez Daniel Comunicaci\u00f3n Social de la FEDP [flowplayer src=\u00bbhttp:\/\/www.dhnet.org.mx\/videos\/2012\/box2012\/02-entrevistachairez.mp4&#8243; width=\u00bb540&#8243; height=\u00bb360&#8243; splash=\u00bbhttp:\/\/www.dhnet.org.mx\/archivo\/wp-content\/uploads\/2012\/04\/02-entrevistachairez.jpg\u00bb]<\/p>\n","protected":false},"author":1,"featured_media":2489,"comment_status":"closed","ping_status":"open","sticky":false,"template":"","format":"standard","meta":{"footnotes":""},"categories":[880],"tags":[558,557,560,218,554,559,562,561],"class_list":["post-2488","post","type-post","status-publish","format-standard","has-post-thumbnail","hentry","category-actividades-y-eventos","tag-box","tag-boxeo","tag-cereso-no-1","tag-entrevista","tag-fiscalia","tag-guantes-de-oro","tag-lic-jorge-chairez-daniel","tag-lic-roberto-carlos-dominguez"],"_links":{"self":[{"href":"https:\/\/www.dhnet.org.mx\/archivo\/wp-json\/wp\/v2\/posts\/2488","targetHints":{"allow":["GET"]}}],"collection":[{"href":"https:\/\/www.dhnet.org.mx\/archivo\/wp-json\/wp\/v2\/posts"}],"about":[{"href":"https:\/\/www.dhnet.org.mx\/archivo\/wp-json\/wp\/v2\/types\/post"}],"author":[{"embeddable":true,"href":"https:\/\/www.dhnet.org.mx\/archivo\/wp-json\/wp\/v2\/users\/1"}],"replies":[{"embeddable":true,"href":"https:\/\/www.dhnet.org.mx\/archivo\/wp-json\/wp\/v2\/comments?post=2488"}],"version-history":[{"count":3,"href":"https:\/\/www.dhnet.org.mx\/archivo\/wp-json\/wp\/v2\/posts\/2488\/revisions"}],"predecessor-version":[{"id":3998,"href":"https:\/\/www.dhnet.org.mx\/archivo\/wp-json\/wp\/v2\/posts\/2488\/revisions\/3998"}],"wp:featuredmedia":[{"embeddable":true,"href":"https:\/\/www.dhnet.org.mx\/archivo\/wp-json\/wp\/v2\/media\/2489"}],"wp:attachment":[{"href":"https:\/\/www.dhnet.org.mx\/archivo\/wp-json\/wp\/v2\/media?parent=2488"}],"wp:term":[{"taxonomy":"category","embeddable":true,"href":"https:\/\/www.dhnet.org.mx\/archivo\/wp-json\/wp\/v2\/categories?post=2488"},{"taxonomy":"post_tag","embeddable":true,"href":"https:\/\/www.dhnet.org.mx\/archivo\/wp-json\/wp\/v2\/tags?post=2488"}],"curies":[{"name":"wp","href":"https:\/\/api.w.org\/{rel}","templated":true}]}}