{"id":218,"date":"2010-02-04T09:14:14","date_gmt":"2010-02-04T15:14:14","guid":{"rendered":"http:\/\/www.dhnet.org.mx\/v2\/?p=218"},"modified":"2017-05-18T13:43:54","modified_gmt":"2017-05-18T18:43:54","slug":"manejo-de-la-agresividad-en-el-nino-y-la-nina","status":"publish","type":"post","link":"https:\/\/www.dhnet.org.mx\/archivo\/manejo-de-la-agresividad-en-el-nino-y-la-nina\/","title":{"rendered":"Manejo de la Agresividad en el Ni\u00f1o y la Ni\u00f1a"},"content":{"rendered":"<p>Congreso de Educaci\u00f3n Inicial.<br \/>\nContribuyendo en la formaci\u00f3n de ni\u00f1os y ni\u00f1as felices.<\/p>\n<p><strong>Tema: Manejo de la Agresividad en el ni\u00f1o y la ni\u00f1a<\/strong><br \/>\nConferencista: Dra. Leyla A. Ru\u00edz Escalona.<br \/>\nDuraci\u00f3n: 60 min.<\/p>\n<p>[flowplayer src=\u00bbhttp:\/\/dhnet.org.mx\/videos\/conferencias\/congresoeducacion2010\/02-leyla-ruiz.flv\u00bb width=\u00bb540&#8243; height=\u00bb360&#8243; splash=\u00bbhttp:\/\/www.dhnet.org.mx\/archivo\/wp-content\/uploads\/2010\/04\/edu-02.jpg\u00bb]<\/p>\n","protected":false},"excerpt":{"rendered":"<p>Congreso de Educaci\u00f3n Inicial. Contribuyendo en la formaci\u00f3n de ni\u00f1os y ni\u00f1as felices. Tema: Manejo de la Agresividad en el ni\u00f1o y la ni\u00f1a Conferencista: Dra. Leyla A. Ru\u00edz Escalona. Duraci\u00f3n: 60 min. [flowplayer src=\u00bbhttp:\/\/dhnet.org.mx\/videos\/conferencias\/congresoeducacion2010\/02-leyla-ruiz.flv\u00bb width=\u00bb540&#8243; height=\u00bb360&#8243; splash=\u00bbhttp:\/\/www.dhnet.org.mx\/archivo\/wp-content\/uploads\/2010\/04\/edu-02.jpg\u00bb]<\/p>\n","protected":false},"author":1,"featured_media":219,"comment_status":"closed","ping_status":"open","sticky":false,"template":"","format":"standard","meta":{"footnotes":""},"categories":[879],"tags":[415,5,36,281,416,38,23],"class_list":["post-218","post","type-post","status-publish","format-standard","has-post-thumbnail","hentry","category-conferencias-y-seminarios","tag-agresividad","tag-chihuahua","tag-congreso-de-educacion-inicial","tag-educacion-2","tag-formacion","tag-leyla-a-ruiz-escalona","tag-maestras-os"],"_links":{"self":[{"href":"https:\/\/www.dhnet.org.mx\/archivo\/wp-json\/wp\/v2\/posts\/218","targetHints":{"allow":["GET"]}}],"collection":[{"href":"https:\/\/www.dhnet.org.mx\/archivo\/wp-json\/wp\/v2\/posts"}],"about":[{"href":"https:\/\/www.dhnet.org.mx\/archivo\/wp-json\/wp\/v2\/types\/post"}],"author":[{"embeddable":true,"href":"https:\/\/www.dhnet.org.mx\/archivo\/wp-json\/wp\/v2\/users\/1"}],"replies":[{"embeddable":true,"href":"https:\/\/www.dhnet.org.mx\/archivo\/wp-json\/wp\/v2\/comments?post=218"}],"version-history":[{"count":9,"href":"https:\/\/www.dhnet.org.mx\/archivo\/wp-json\/wp\/v2\/posts\/218\/revisions"}],"predecessor-version":[{"id":4350,"href":"https:\/\/www.dhnet.org.mx\/archivo\/wp-json\/wp\/v2\/posts\/218\/revisions\/4350"}],"wp:featuredmedia":[{"embeddable":true,"href":"https:\/\/www.dhnet.org.mx\/archivo\/wp-json\/wp\/v2\/media\/219"}],"wp:attachment":[{"href":"https:\/\/www.dhnet.org.mx\/archivo\/wp-json\/wp\/v2\/media?parent=218"}],"wp:term":[{"taxonomy":"category","embeddable":true,"href":"https:\/\/www.dhnet.org.mx\/archivo\/wp-json\/wp\/v2\/categories?post=218"},{"taxonomy":"post_tag","embeddable":true,"href":"https:\/\/www.dhnet.org.mx\/archivo\/wp-json\/wp\/v2\/tags?post=218"}],"curies":[{"name":"wp","href":"https:\/\/api.w.org\/{rel}","templated":true}]}}