{"id":143,"date":"2009-05-25T11:34:48","date_gmt":"2009-05-25T16:34:48","guid":{"rendered":"http:\/\/www.dhnet.org.mx\/v2\/?p=143"},"modified":"2017-05-24T10:20:56","modified_gmt":"2017-05-24T15:20:56","slug":"en-la-escuela-y-en-la-vida","status":"publish","type":"post","link":"https:\/\/www.dhnet.org.mx\/archivo\/en-la-escuela-y-en-la-vida\/","title":{"rendered":"En la Escuela y en la Vida"},"content":{"rendered":"<p>Este v\u00eddeo fue elaborado como material de motivaci\u00f3n y apoyo para encuentros de capacitaci\u00f3n con educadores. El IIDH lo pone a disposici\u00f3nde todos los educadores e instituciones deseosos de multiplicar el trabajo de educaci\u00f3n en y para los Derechos Humanos.<\/p>\n<p><strong>Destinatarios:<\/strong><br \/>\nTodos los educadores que deseen incorporar a su labor docente cotidiana la educaci\u00f3n en y para los Derechos Humanos.<\/p>\n<p><strong>Objetivos:<\/strong><br \/>\nEl objetivo general del v\u00eddeo es ubicar a los maestros y maestras en el tema de la educaci\u00f3n en Derechos Humanos y ayudarlo a visualizar formas de irrespeto a los derechos humanos que pueden ocurrir dentro del ambiente escolar. El objetivo se concentra a trav\u00e9s de una historia que refleja algunos aspectos problem\u00e1ticos de la realidad personal y profesional de un par de docentes centroamericanos, con el fin de que otros educadores se identifiquen con ella y, apartir de ah\u00ed, reflexionen sobre su propio accionar.<\/p>\n<p>[flowplayer src=\u00bbhttp:\/\/dhnet.org.mx\/videos\/capacitacion\/iidh\/iidh_cap_maestro_enlaescuela.flv\u00bb width=\u00bb540&#8243; height=\u00bb360&#8243; splash=\u00bbhttp:\/\/www.dhnet.org.mx\/archivo\/wp-content\/uploads\/2010\/04\/iidh-enlaescuela-y-en-la-vida.jpg\u00bb]<\/p>\n","protected":false},"excerpt":{"rendered":"<p>Este v\u00eddeo fue elaborado como material de motivaci\u00f3n y apoyo para encuentros de capacitaci\u00f3n con educadores. El IIDH lo pone a dispocisi\u00f3n de todos los educadores e instituciones deseosos de multiplicar el trabajo de educaci\u00f3n en y para los derechos humanos.<\/p>\n","protected":false},"author":1,"featured_media":144,"comment_status":"closed","ping_status":"open","sticky":false,"template":"","format":"standard","meta":{"footnotes":""},"categories":[882],"tags":[292,281,19,20,23,291,294],"class_list":["post-143","post","type-post","status-publish","format-standard","has-post-thumbnail","hentry","category-infantiles","tag-docentes","tag-educacion-2","tag-iidh","tag-instituto-interamericano-de-derechos-humanos","tag-maestras-os","tag-material-de-apoyo","tag-respeto"],"_links":{"self":[{"href":"https:\/\/www.dhnet.org.mx\/archivo\/wp-json\/wp\/v2\/posts\/143","targetHints":{"allow":["GET"]}}],"collection":[{"href":"https:\/\/www.dhnet.org.mx\/archivo\/wp-json\/wp\/v2\/posts"}],"about":[{"href":"https:\/\/www.dhnet.org.mx\/archivo\/wp-json\/wp\/v2\/types\/post"}],"author":[{"embeddable":true,"href":"https:\/\/www.dhnet.org.mx\/archivo\/wp-json\/wp\/v2\/users\/1"}],"replies":[{"embeddable":true,"href":"https:\/\/www.dhnet.org.mx\/archivo\/wp-json\/wp\/v2\/comments?post=143"}],"version-history":[{"count":8,"href":"https:\/\/www.dhnet.org.mx\/archivo\/wp-json\/wp\/v2\/posts\/143\/revisions"}],"predecessor-version":[{"id":3973,"href":"https:\/\/www.dhnet.org.mx\/archivo\/wp-json\/wp\/v2\/posts\/143\/revisions\/3973"}],"wp:featuredmedia":[{"embeddable":true,"href":"https:\/\/www.dhnet.org.mx\/archivo\/wp-json\/wp\/v2\/media\/144"}],"wp:attachment":[{"href":"https:\/\/www.dhnet.org.mx\/archivo\/wp-json\/wp\/v2\/media?parent=143"}],"wp:term":[{"taxonomy":"category","embeddable":true,"href":"https:\/\/www.dhnet.org.mx\/archivo\/wp-json\/wp\/v2\/categories?post=143"},{"taxonomy":"post_tag","embeddable":true,"href":"https:\/\/www.dhnet.org.mx\/archivo\/wp-json\/wp\/v2\/tags?post=143"}],"curies":[{"name":"wp","href":"https:\/\/api.w.org\/{rel}","templated":true}]}}