{"id":137,"date":"2009-05-25T11:06:50","date_gmt":"2009-05-25T16:06:50","guid":{"rendered":"http:\/\/www.dhnet.org.mx\/v2\/?p=137"},"modified":"2016-05-06T13:40:43","modified_gmt":"2016-05-06T18:40:43","slug":"sumate-al-juego","status":"publish","type":"post","link":"https:\/\/www.dhnet.org.mx\/archivo\/sumate-al-juego\/","title":{"rendered":"Sumate al Juego"},"content":{"rendered":"<p>Material Audiovisual producido por la Unidad Pedag\u00f3gica del IIDH como parte de un paquete pedag\u00f3gico de Educaci\u00f3n para la Vida en Democracia.<\/p>\n<p>Est\u00e1 compuesto por un v\u00eddeo y una gu\u00eda did\u00e1ctica para orientar el trabajo de facilitaci\u00f3n de quienes lo utilicen con fines educativos.<\/p>\n<p>Incluye una serie de historias personales (Ficticias pero extraidas de la realidad cotidiana que viven los adolescentes de nuestros pa\u00edses), a las que se suman testimonios directos y aut\u00e9nticos de un grupo de ni\u00f1os, ni\u00f1as y j\u00f3venes que participaron en el XX Curso Interdisciplinario en Derechos Humanos del IIDH, en San Jos\u00e9, Costa Rica, en Julio del 2002<\/p>\n<p><strong>El material aborda los siguientes temas:<\/strong><\/p>\n<ul>\n<li>Reconocimiento y respeto a las diferencias en igualdad de derechos<\/li>\n<li>Libertad de elegir<\/li>\n<li>Inclusi\u00f3n<\/li>\n<li>Resoluci\u00f3n de conflictos<\/li>\n<li>Solidaridad y trabajo cooperativo<\/li>\n<\/ul>\n<p><strong>Destinatarios:<\/strong><br \/>\nPreadolescentes y adolescentes de 10 a 16 a\u00f1os de edad.<\/p>\n<p>[flowplayer src=\u00bbhttp:\/\/dhnet.org.mx\/videos\/capacitacion\/iidh\/iidh_cap_sec_sumate_juego.flv\u00bb width=\u00bb540&#8243; height=\u00bb360&#8243; splash=\u00bbhttp:\/\/www.dhnet.org.mx\/archivo\/wp-content\/uploads\/2010\/04\/iidh-sumatealjuego.jpg\u00bb]<\/p>\n","protected":false},"excerpt":{"rendered":"<p>Incluye una serie de historias personales (Ficticias pero extraidas de la realidad cotidiana que viven los adolescentes de nuestros paises), a las que se suman testimonios directos y aut\u00e9nticos de un grupo de ni\u00f1os, ni\u00f1as y j\u00f3venes que participaron en el XX Curso Interdisciplinario en Derechos Humanos del IIDH, en San Jos\u00e9, Costa Rica, en Julio del 2002<\/p>\n","protected":false},"author":1,"featured_media":138,"comment_status":"closed","ping_status":"open","sticky":false,"template":"","format":"standard","meta":{"footnotes":""},"categories":[1],"tags":[74,293,248,281,19,20,291,290,280,22],"class_list":["post-137","post","type-post","status-publish","format-standard","has-post-thumbnail","hentry","category-uncategorized","tag-adolescentes","tag-conflictos","tag-derechos","tag-educacion-2","tag-iidh","tag-instituto-interamericano-de-derechos-humanos","tag-material-de-apoyo","tag-ninas","tag-ninos","tag-secundarias"],"_links":{"self":[{"href":"https:\/\/www.dhnet.org.mx\/archivo\/wp-json\/wp\/v2\/posts\/137","targetHints":{"allow":["GET"]}}],"collection":[{"href":"https:\/\/www.dhnet.org.mx\/archivo\/wp-json\/wp\/v2\/posts"}],"about":[{"href":"https:\/\/www.dhnet.org.mx\/archivo\/wp-json\/wp\/v2\/types\/post"}],"author":[{"embeddable":true,"href":"https:\/\/www.dhnet.org.mx\/archivo\/wp-json\/wp\/v2\/users\/1"}],"replies":[{"embeddable":true,"href":"https:\/\/www.dhnet.org.mx\/archivo\/wp-json\/wp\/v2\/comments?post=137"}],"version-history":[{"count":11,"href":"https:\/\/www.dhnet.org.mx\/archivo\/wp-json\/wp\/v2\/posts\/137\/revisions"}],"predecessor-version":[{"id":3975,"href":"https:\/\/www.dhnet.org.mx\/archivo\/wp-json\/wp\/v2\/posts\/137\/revisions\/3975"}],"wp:featuredmedia":[{"embeddable":true,"href":"https:\/\/www.dhnet.org.mx\/archivo\/wp-json\/wp\/v2\/media\/138"}],"wp:attachment":[{"href":"https:\/\/www.dhnet.org.mx\/archivo\/wp-json\/wp\/v2\/media?parent=137"}],"wp:term":[{"taxonomy":"category","embeddable":true,"href":"https:\/\/www.dhnet.org.mx\/archivo\/wp-json\/wp\/v2\/categories?post=137"},{"taxonomy":"post_tag","embeddable":true,"href":"https:\/\/www.dhnet.org.mx\/archivo\/wp-json\/wp\/v2\/tags?post=137"}],"curies":[{"name":"wp","href":"https:\/\/api.w.org\/{rel}","templated":true}]}}