{"id":131,"date":"2009-05-25T11:00:18","date_gmt":"2009-05-25T16:00:18","guid":{"rendered":"http:\/\/www.dhnet.org.mx\/v2\/?p=131"},"modified":"2016-06-01T12:59:05","modified_gmt":"2016-06-01T17:59:05","slug":"diferentes-pero-iguales-en-derechos","status":"publish","type":"post","link":"https:\/\/www.dhnet.org.mx\/archivo\/diferentes-pero-iguales-en-derechos\/","title":{"rendered":"Diferentes pero Iguales en Derechos"},"content":{"rendered":"<p>Material puesto a disposici\u00f3n por el <strong>Instituto Interamericano de Derechos Humanos<\/strong> (IIDH) para docentes y capacitadores latinoamericanos como apoyo a la educaci\u00f3on en y para los Derechos Humanos, destinado a ni\u00f1os y ni\u00f1as de 3\u00b0 a 6\u00b0 grados de escuelas primarias; esto es, que se encuentra en el grupo de edad de entre los 9 y 12 a\u00f1os.<\/p>\n<p>Ese v\u00eddeo fue producido por el IIDH para cumplir dos prop\u00f3sitos simult\u00e1neos. Por un lado, para ser presentado en las \u00abSalas de los Derechos de los Ni\u00f1os y las Ni\u00f1as\u00bb que el mismo IIDH ha venido impulsando en distintos pa\u00edses del continente. Por otro lado, para ponerlo a dispocisi\u00f3n de docentes y capacitadores latinoamericanos como un material de apoyo a la educaci\u00f3n en y para los Derechos Dumanos.<\/p>\n<p><strong>Destinatarios:<\/strong><br \/>\nNi\u00f1os y ni\u00f1as de 3\u00b0 a 6\u00b0 grado de las escuelas primarias; esto es, que se encuentra en el grupo de edad de entre los 9 y 12 a\u00f1os.<\/p>\n<p><strong>Objetivos:<\/strong><br \/>\nEl objetivo general del video es ayudar a los ni\u00f1os y a las ni\u00f1as a comprender que todas las personas (por encima de sus diferencias individuales) son iguales en dignidad y en derechos, y merecen un trato igualmente respetuoso (Declaracion Universal de Derechos Humanos, Art. 1).<\/p>\n<p>[flowplayer src=\u00bbhttp:\/\/dhnet.org.mx\/videos\/capacitacion\/iidh\/iidh_cap_prim_diferentes_iguales.flv\u00bb width=\u00bb540&#8243; height=\u00bb360&#8243; splash=\u00bbhttp:\/\/www.dhnet.org.mx\/v2\/wp-content\/uploads\/2010\/04\/iidh-diferentesperoiguales.jpg\u00bb]<\/p>\n","protected":false},"excerpt":{"rendered":"<p>Material puesto a disposici\u00f3n por el Instituto Interamricano de Derechos Humanos (IIDH), para docentes y capacitadores latinoamericanos como apoyo a la educac\u00edon en y para los derechos humanos, destinado para ni\u00f1os y ni\u00f1as de 3\u00b0 a 6\u00b0 grados de escuelas primarias; esto es, que se encuentra en el grupo de edad de entre los 9 y 12 a\u00f1os.<\/p>\n","protected":false},"author":1,"featured_media":132,"comment_status":"closed","ping_status":"open","sticky":false,"template":"","format":"standard","meta":{"footnotes":""},"categories":[1],"tags":[292,281,19,20,291,290,280,21,22],"class_list":["post-131","post","type-post","status-publish","format-standard","has-post-thumbnail","hentry","category-uncategorized","tag-docentes","tag-educacion-2","tag-iidh","tag-instituto-interamericano-de-derechos-humanos","tag-material-de-apoyo","tag-ninas","tag-ninos","tag-primarias","tag-secundarias"],"_links":{"self":[{"href":"https:\/\/www.dhnet.org.mx\/archivo\/wp-json\/wp\/v2\/posts\/131","targetHints":{"allow":["GET"]}}],"collection":[{"href":"https:\/\/www.dhnet.org.mx\/archivo\/wp-json\/wp\/v2\/posts"}],"about":[{"href":"https:\/\/www.dhnet.org.mx\/archivo\/wp-json\/wp\/v2\/types\/post"}],"author":[{"embeddable":true,"href":"https:\/\/www.dhnet.org.mx\/archivo\/wp-json\/wp\/v2\/users\/1"}],"replies":[{"embeddable":true,"href":"https:\/\/www.dhnet.org.mx\/archivo\/wp-json\/wp\/v2\/comments?post=131"}],"version-history":[{"count":11,"href":"https:\/\/www.dhnet.org.mx\/archivo\/wp-json\/wp\/v2\/posts\/131\/revisions"}],"predecessor-version":[{"id":4211,"href":"https:\/\/www.dhnet.org.mx\/archivo\/wp-json\/wp\/v2\/posts\/131\/revisions\/4211"}],"wp:featuredmedia":[{"embeddable":true,"href":"https:\/\/www.dhnet.org.mx\/archivo\/wp-json\/wp\/v2\/media\/132"}],"wp:attachment":[{"href":"https:\/\/www.dhnet.org.mx\/archivo\/wp-json\/wp\/v2\/media?parent=131"}],"wp:term":[{"taxonomy":"category","embeddable":true,"href":"https:\/\/www.dhnet.org.mx\/archivo\/wp-json\/wp\/v2\/categories?post=131"},{"taxonomy":"post_tag","embeddable":true,"href":"https:\/\/www.dhnet.org.mx\/archivo\/wp-json\/wp\/v2\/tags?post=131"}],"curies":[{"name":"wp","href":"https:\/\/api.w.org\/{rel}","templated":true}]}}