{"id":1309,"date":"2011-10-19T13:01:57","date_gmt":"2011-10-19T18:01:57","guid":{"rendered":"http:\/\/www.dhnet.org.mx\/archivo\/?p=1309"},"modified":"2017-05-17T12:10:09","modified_gmt":"2017-05-17T17:10:09","slug":"tu-derecho-a-saber-discapacidad","status":"publish","type":"post","link":"https:\/\/www.dhnet.org.mx\/archivo\/tu-derecho-a-saber-discapacidad\/","title":{"rendered":"Tu Derecho a Saber: Discapacidad"},"content":{"rendered":"<p><a href=\"http:\/\/www.dhnet.org.mx\/archivo\/tu-derecho-a-saber-discapacidad\/tuderechoasaber\/\" rel=\"attachment wp-att-1310\"><img decoding=\"async\" src=\"http:\/\/www.dhnet.org.mx\/archivo\/wp-content\/uploads\/2011\/10\/tuderechoasaber-150x150.jpg\" alt=\"\" title=\"tuderechoasaber\" width=\"150\" height=\"150\" class=\"alignright size-thumbnail wp-image-1310\" \/><\/a><strong>Derechos de las personas con Discapacidad<\/strong><\/p>\n<p>Esta primera c\u00e1psula instruye y promueve los derechos humanos de las personas con discapacidad. Muestra las obligaciones que tienen la sociedad y los gobiernos, para comprender acciones que promuevan y faciliten el tr\u00e1nsito libre, la igualdad de oportunidades y el respeto hacia personas que tengan alguna discapacidad.<\/p>\n<p>Se presentan algunas recomendaciones a la sociedad civil, empresarios o empleadores, para que ofrezcan las mismas oporunidades de empleo hacia estas personas, d\u00e1ndoles un trato digno e igualitario.<\/p>\n<p><strong>\u00abTu derecho a saber\u00bb<\/strong> Una producci\u00f3n de DHNET Televisi\u00f3n Derecho Humanista de la Comisi\u00f3n Estatal de Derechos Humanos del Estado de Chihuahua.<\/p>\n<p><iframe title=\"Tu Derecho a Saber: Discapacidad\" width=\"800\" height=\"600\" src=\"https:\/\/www.youtube.com\/embed\/PAhjASmL6_A?feature=oembed\" frameborder=\"0\" allow=\"accelerometer; autoplay; clipboard-write; encrypted-media; gyroscope; picture-in-picture; web-share\" referrerpolicy=\"strict-origin-when-cross-origin\" allowfullscreen><\/iframe><\/p>\n","protected":false},"excerpt":{"rendered":"<p>Derechos de las personas con Discapacidad Esta primera c\u00e1psula instruye y promueve los derechos humanos de las personas con discapacidad. Muestra las obligaciones que tienen la sociedad y los gobiernos, para comprender acciones que promuevan y faciliten el tr\u00e1nsito libre, la igualdad de oportunidades y el respeto hacia personas que tengan alguna discapacidad. Se presentan [&hellip;]<\/p>\n","protected":false},"author":1,"featured_media":0,"comment_status":"closed","ping_status":"open","sticky":false,"template":"","format":"standard","meta":{"footnotes":""},"categories":[877],"tags":[7,5,805,808],"class_list":["post-1309","post","type-post","status-publish","format-standard","hentry","category-igualdad","tag-cedh","tag-chihuahua","tag-grupos-vulnerables","tag-tu-derecho-a-saber"],"_links":{"self":[{"href":"https:\/\/www.dhnet.org.mx\/archivo\/wp-json\/wp\/v2\/posts\/1309","targetHints":{"allow":["GET"]}}],"collection":[{"href":"https:\/\/www.dhnet.org.mx\/archivo\/wp-json\/wp\/v2\/posts"}],"about":[{"href":"https:\/\/www.dhnet.org.mx\/archivo\/wp-json\/wp\/v2\/types\/post"}],"author":[{"embeddable":true,"href":"https:\/\/www.dhnet.org.mx\/archivo\/wp-json\/wp\/v2\/users\/1"}],"replies":[{"embeddable":true,"href":"https:\/\/www.dhnet.org.mx\/archivo\/wp-json\/wp\/v2\/comments?post=1309"}],"version-history":[{"count":10,"href":"https:\/\/www.dhnet.org.mx\/archivo\/wp-json\/wp\/v2\/posts\/1309\/revisions"}],"predecessor-version":[{"id":1814,"href":"https:\/\/www.dhnet.org.mx\/archivo\/wp-json\/wp\/v2\/posts\/1309\/revisions\/1814"}],"wp:attachment":[{"href":"https:\/\/www.dhnet.org.mx\/archivo\/wp-json\/wp\/v2\/media?parent=1309"}],"wp:term":[{"taxonomy":"category","embeddable":true,"href":"https:\/\/www.dhnet.org.mx\/archivo\/wp-json\/wp\/v2\/categories?post=1309"},{"taxonomy":"post_tag","embeddable":true,"href":"https:\/\/www.dhnet.org.mx\/archivo\/wp-json\/wp\/v2\/tags?post=1309"}],"curies":[{"name":"wp","href":"https:\/\/api.w.org\/{rel}","templated":true}]}}