{"id":122,"date":"2009-05-25T10:55:00","date_gmt":"2009-05-25T17:55:00","guid":{"rendered":"http:\/\/www.dhnet.org.mx\/v2\/?p=122"},"modified":"2016-06-01T12:57:22","modified_gmt":"2016-06-01T17:57:22","slug":"caminemos-por-nuestra-libertad","status":"publish","type":"post","link":"https:\/\/www.dhnet.org.mx\/archivo\/caminemos-por-nuestra-libertad\/","title":{"rendered":"Caminemos por Nuestra Libertad"},"content":{"rendered":"<p>Material del <strong>Instituto Interamericano de Derechos Humanos<\/strong> (IIDH) para docentes y capacitadores latinoamericanos como apoyo a la educaci\u00f3n en y para los Derechos Humanos, destinado a ni\u00f1os y ni\u00f1as de 6\u00b0 a 10\u00b0 a\u00f1o de escolaridad (dos \u00faltimos de primaria y 3 de secundaria), abarcando a preadolescentes y adolescentes entre los 12 y 16 a\u00f1os.<\/p>\n<p>Ese v\u00eddeo fue producido por el IIDH para cumplir dos prop\u00f3sitos simult\u00e1neos. Por un lado, para ser presentado en las \u00abSalas de los Derechos de los Ni\u00f1os y las Ni\u00f1as\u00bb que el mismo IIDH ha venido impulsando en distintos pa\u00edses del continente. Por otro lado, para ponerlo a dispocisi\u00f3n de docentes y capacitadores latinoamericanos como un material de apoyo a la educaci\u00f3n para los derechos humanos.<\/p>\n<p><strong>Destinatarios:<\/strong><br \/>\nNi\u00f1os y ni\u00f1as de 6\u00b0 a 10\u00b0 grado (dos \u00faltimos grados de la escuela primaria y tres primeros de la escuela secundaria). Abarca preadolescentes y adolescentes, en el grupo de edad entre los 12 y 16 a\u00f1os.<\/p>\n<p><strong>Objetivos:<\/strong><br \/>\nEl objetivo general del v\u00eddeo es ayudar a ni\u00f1os y ni\u00f1as a reflexionar sobre la libertad, como facultad propia y definitor\u00eda de la persona, y como derecho humano.<\/p>\n<p>[flowplayer src=\u00bbhttp:\/\/dhnet.org.mx\/videos\/capacitacion\/iidh\/iidh_cap_sec_caminemosxderechos.flv\u00bb width=\u00bb540&#8243; height=\u00bb360&#8243; splash=\u00bbhttp:\/\/www.dhnet.org.mx\/v2\/wp-content\/uploads\/2010\/04\/iidh-caminemos-x-nuestralibertad-545&#215;399.jpg\u00bb]<\/p>\n","protected":false},"excerpt":{"rendered":"<p>Material puesto a disposici\u00f3n por el Instituto Interamricano de Derechos Humanos (IIDH), para docentes y capacitadores latinoamericanos como apoyo a la educac\u00edon en y para los derechos humanos, destinado para ni\u00f1os y ni\u00f1as de 6\u00b0 a 10\u00b0 (dos ultimos de primaria y 3 de secundaria) abarcando a preadolescentes y adolescentes entre los 12 y 16 a\u00f1os. <\/p>\n","protected":false},"author":1,"featured_media":124,"comment_status":"closed","ping_status":"open","sticky":false,"template":"","format":"standard","meta":{"footnotes":""},"categories":[1],"tags":[292,281,19,20,291,290,280,21],"class_list":["post-122","post","type-post","status-publish","format-standard","has-post-thumbnail","hentry","category-uncategorized","tag-docentes","tag-educacion-2","tag-iidh","tag-instituto-interamericano-de-derechos-humanos","tag-material-de-apoyo","tag-ninas","tag-ninos","tag-primarias"],"_links":{"self":[{"href":"https:\/\/www.dhnet.org.mx\/archivo\/wp-json\/wp\/v2\/posts\/122","targetHints":{"allow":["GET"]}}],"collection":[{"href":"https:\/\/www.dhnet.org.mx\/archivo\/wp-json\/wp\/v2\/posts"}],"about":[{"href":"https:\/\/www.dhnet.org.mx\/archivo\/wp-json\/wp\/v2\/types\/post"}],"author":[{"embeddable":true,"href":"https:\/\/www.dhnet.org.mx\/archivo\/wp-json\/wp\/v2\/users\/1"}],"replies":[{"embeddable":true,"href":"https:\/\/www.dhnet.org.mx\/archivo\/wp-json\/wp\/v2\/comments?post=122"}],"version-history":[{"count":20,"href":"https:\/\/www.dhnet.org.mx\/archivo\/wp-json\/wp\/v2\/posts\/122\/revisions"}],"predecessor-version":[{"id":4210,"href":"https:\/\/www.dhnet.org.mx\/archivo\/wp-json\/wp\/v2\/posts\/122\/revisions\/4210"}],"wp:featuredmedia":[{"embeddable":true,"href":"https:\/\/www.dhnet.org.mx\/archivo\/wp-json\/wp\/v2\/media\/124"}],"wp:attachment":[{"href":"https:\/\/www.dhnet.org.mx\/archivo\/wp-json\/wp\/v2\/media?parent=122"}],"wp:term":[{"taxonomy":"category","embeddable":true,"href":"https:\/\/www.dhnet.org.mx\/archivo\/wp-json\/wp\/v2\/categories?post=122"},{"taxonomy":"post_tag","embeddable":true,"href":"https:\/\/www.dhnet.org.mx\/archivo\/wp-json\/wp\/v2\/tags?post=122"}],"curies":[{"name":"wp","href":"https:\/\/api.w.org\/{rel}","templated":true}]}}