{"id":1170,"date":"2010-07-12T10:52:56","date_gmt":"2010-07-12T15:52:56","guid":{"rendered":"http:\/\/www.dhnet.org.mx\/archivo\/?p=1170"},"modified":"2016-06-14T12:07:47","modified_gmt":"2016-06-14T17:07:47","slug":"ai-declaracion-universal-de-los-derechos-humanos","status":"publish","type":"post","link":"https:\/\/www.dhnet.org.mx\/archivo\/ai-declaracion-universal-de-los-derechos-humanos\/","title":{"rendered":"AI: Declaraci\u00f3n Universal de los Derechos Humanos"},"content":{"rendered":"<p>Este v\u00eddeo nos muestra y explica los 30 Derechos Humanos decretados en la Declaraci\u00f3n Universal de los Derechos Humanos.<\/p>\n<p><strong>Duraci\u00f3n:<\/strong> 20min<\/p>\n<p><iframe title=\"AMNIST\u00cdA. DERECHOS HUMANOS 1 de 2\" width=\"800\" height=\"600\" src=\"https:\/\/www.youtube.com\/embed\/v22hybkP7zQ?feature=oembed\" frameborder=\"0\" allow=\"accelerometer; autoplay; clipboard-write; encrypted-media; gyroscope; picture-in-picture; web-share\" referrerpolicy=\"strict-origin-when-cross-origin\" allowfullscreen><\/iframe><\/p>\n<p><iframe title=\"AMNIST\u00cdA INTERNACIONAL. DERECHOS HUMANOS 2 de 2\" width=\"800\" height=\"600\" src=\"https:\/\/www.youtube.com\/embed\/zGhQEC6iOqM?feature=oembed\" frameborder=\"0\" allow=\"accelerometer; autoplay; clipboard-write; encrypted-media; gyroscope; picture-in-picture; web-share\" referrerpolicy=\"strict-origin-when-cross-origin\" allowfullscreen><\/iframe><\/p>\n","protected":false},"excerpt":{"rendered":"<p>Este v\u00eddeo nos muestra y explica los 30 Derechos Humanos decretados en la Declaraci\u00f3n Universal de los Derechos Humanos. Duraci\u00f3n: 20min<\/p>\n","protected":false},"author":1,"featured_media":1171,"comment_status":"closed","ping_status":"open","sticky":false,"template":"","format":"standard","meta":{"footnotes":""},"categories":[1],"tags":[214,213,444,8,797,445],"class_list":["post-1170","post","type-post","status-publish","format-standard","has-post-thumbnail","hentry","category-uncategorized","tag-amnistia-internacional","tag-ddhh","tag-declaracion","tag-declaracion-universal-de-los-derechos-humanos","tag-derechos-humanos","tag-los-30-derechos"],"_links":{"self":[{"href":"https:\/\/www.dhnet.org.mx\/archivo\/wp-json\/wp\/v2\/posts\/1170","targetHints":{"allow":["GET"]}}],"collection":[{"href":"https:\/\/www.dhnet.org.mx\/archivo\/wp-json\/wp\/v2\/posts"}],"about":[{"href":"https:\/\/www.dhnet.org.mx\/archivo\/wp-json\/wp\/v2\/types\/post"}],"author":[{"embeddable":true,"href":"https:\/\/www.dhnet.org.mx\/archivo\/wp-json\/wp\/v2\/users\/1"}],"replies":[{"embeddable":true,"href":"https:\/\/www.dhnet.org.mx\/archivo\/wp-json\/wp\/v2\/comments?post=1170"}],"version-history":[{"count":10,"href":"https:\/\/www.dhnet.org.mx\/archivo\/wp-json\/wp\/v2\/posts\/1170\/revisions"}],"predecessor-version":[{"id":4435,"href":"https:\/\/www.dhnet.org.mx\/archivo\/wp-json\/wp\/v2\/posts\/1170\/revisions\/4435"}],"wp:featuredmedia":[{"embeddable":true,"href":"https:\/\/www.dhnet.org.mx\/archivo\/wp-json\/wp\/v2\/media\/1171"}],"wp:attachment":[{"href":"https:\/\/www.dhnet.org.mx\/archivo\/wp-json\/wp\/v2\/media?parent=1170"}],"wp:term":[{"taxonomy":"category","embeddable":true,"href":"https:\/\/www.dhnet.org.mx\/archivo\/wp-json\/wp\/v2\/categories?post=1170"},{"taxonomy":"post_tag","embeddable":true,"href":"https:\/\/www.dhnet.org.mx\/archivo\/wp-json\/wp\/v2\/tags?post=1170"}],"curies":[{"name":"wp","href":"https:\/\/api.w.org\/{rel}","templated":true}]}}