{"id":10556,"date":"2018-04-28T10:30:51","date_gmt":"2018-04-28T15:30:51","guid":{"rendered":"http:\/\/www.dhnet.org.mx\/archivo\/?p=10556"},"modified":"2018-05-15T10:32:31","modified_gmt":"2018-05-15T15:32:31","slug":"dia-mundia-de-la-seguridad-y-la-salud-en-el-trabajo-28-de-abril","status":"publish","type":"post","link":"https:\/\/www.dhnet.org.mx\/archivo\/dia-mundia-de-la-seguridad-y-la-salud-en-el-trabajo-28-de-abril\/","title":{"rendered":"D\u00eda Mundia de la Seguridad y la Salud en el Trabajo &#8211; 28 de Abril"},"content":{"rendered":"<p>El D\u00eda Mundial de la Seguridad y la Salud en el Trabajo, establecido por la Organizaci\u00f3n Internacional del Trabajo (OIT), se celebra cada 28 de abril desde 2003 y es tambi\u00e9n la fecha elegida por el movimiento sindical mundial para rendir homenaje a las v\u00edctimas de los accidentes de trabajo y las enfermedades profesionales.<\/p>\n<p>Este a\u00f1o, el D\u00eda Mundial de la Seguridad y la Salud en el Trabajo y el D\u00eda Mundial contra el Trabajo Infantil se unen en una campa\u00f1a conjunta para mejorar la seguridad y la salud de los trabajadores j\u00f3venes y poner fin al trabajo infantil.<\/p>\n<p><iframe title=\"D\u00eda Mundia de la Seguridad y la Salud en el Trabajo - 28 de Abril\" width=\"800\" height=\"450\" src=\"https:\/\/www.youtube.com\/embed\/Kkm4A41Rc4c?feature=oembed\" frameborder=\"0\" allow=\"accelerometer; autoplay; clipboard-write; encrypted-media; gyroscope; picture-in-picture; web-share\" referrerpolicy=\"strict-origin-when-cross-origin\" allowfullscreen><\/iframe><\/p>\n","protected":false},"excerpt":{"rendered":"<p>El D\u00eda Mundial de la Seguridad y la Salud en el Trabajo, establecido por la Organizaci\u00f3n Internacional del Trabajo (OIT), se celebra cada 28 de abril desde 2003 y es tambi\u00e9n la fecha elegida por el movimiento sindical mundial para rendir homenaje a las v\u00edctimas de los accidentes de trabajo y las enfermedades profesionales. Este [&hellip;]<\/p>\n","protected":false},"author":5,"featured_media":10557,"comment_status":"closed","ping_status":"closed","sticky":false,"template":"","format":"video","meta":{"footnotes":""},"categories":[878],"tags":[706,828],"class_list":["post-10556","post","type-post","status-publish","format-video","has-post-thumbnail","hentry","category-derechos-humanos","tag-capsula","tag-conmemoraciones-y-enfoques","post_format-post-format-video"],"_links":{"self":[{"href":"https:\/\/www.dhnet.org.mx\/archivo\/wp-json\/wp\/v2\/posts\/10556","targetHints":{"allow":["GET"]}}],"collection":[{"href":"https:\/\/www.dhnet.org.mx\/archivo\/wp-json\/wp\/v2\/posts"}],"about":[{"href":"https:\/\/www.dhnet.org.mx\/archivo\/wp-json\/wp\/v2\/types\/post"}],"author":[{"embeddable":true,"href":"https:\/\/www.dhnet.org.mx\/archivo\/wp-json\/wp\/v2\/users\/5"}],"replies":[{"embeddable":true,"href":"https:\/\/www.dhnet.org.mx\/archivo\/wp-json\/wp\/v2\/comments?post=10556"}],"version-history":[{"count":1,"href":"https:\/\/www.dhnet.org.mx\/archivo\/wp-json\/wp\/v2\/posts\/10556\/revisions"}],"predecessor-version":[{"id":10558,"href":"https:\/\/www.dhnet.org.mx\/archivo\/wp-json\/wp\/v2\/posts\/10556\/revisions\/10558"}],"wp:featuredmedia":[{"embeddable":true,"href":"https:\/\/www.dhnet.org.mx\/archivo\/wp-json\/wp\/v2\/media\/10557"}],"wp:attachment":[{"href":"https:\/\/www.dhnet.org.mx\/archivo\/wp-json\/wp\/v2\/media?parent=10556"}],"wp:term":[{"taxonomy":"category","embeddable":true,"href":"https:\/\/www.dhnet.org.mx\/archivo\/wp-json\/wp\/v2\/categories?post=10556"},{"taxonomy":"post_tag","embeddable":true,"href":"https:\/\/www.dhnet.org.mx\/archivo\/wp-json\/wp\/v2\/tags?post=10556"}],"curies":[{"name":"wp","href":"https:\/\/api.w.org\/{rel}","templated":true}]}}